{"id":24303,"date":"2026-03-16T09:00:00","date_gmt":"2026-03-16T08:00:00","guid":{"rendered":"https:\/\/www.cvs-avocats.com\/?p=24303"},"modified":"2026-03-06T13:07:50","modified_gmt":"2026-03-06T12:07:50","slug":"cornet-vincent-segurel-annonce-la-nomination-de-6-avocats-directeurs-a-lille-nantes-et-rennes","status":"publish","type":"post","link":"https:\/\/www.cvs-avocats.com\/fr\/cornet-vincent-segurel-annonce-la-nomination-de-6-avocats-directeurs-a-lille-nantes-et-rennes\/","title":{"rendered":"Cornet Vincent S\u00e9gurel annonce la nomination de 6 avocats directeurs \u00e0 Lille, Nantes et Rennes"},"content":{"rendered":"\n<div class=\"wp-block-group\"><div class=\"wp-block-group__inner-container is-layout-constrained wp-block-group-is-layout-constrained\">\n<p>Cornet Vincent S\u00e9gurel continue \u00e0 structurer les \u00e9quipes de ses p\u00f4les d&rsquo;expertise avec plusieurs promotions parmi ses avocats collaborateurs, nomm\u00e9s avocats directeurs :<\/p>\n\n\n\n<p><strong>Trois expertises strat\u00e9giques renforc\u00e9es<\/strong><\/p>\n\n\n\n<p>\u00c0 Lille : Constance Beyeler (Propri\u00e9t\u00e9 intellectuelle \u2013 Technologies \u2013 Data et Contentieux \u2013 Arbitrage \u2013 M\u00e9diation)<\/p>\n\n\n\n<p>\u00c0 Nantes : Marielle Angibaud (Droit public et Environnement)<\/p>\n\n\n\n<p>\u00c0 Rennes : Marie Ch\u00e9ned\u00e9 (Droit public et Environnement), Marine Guillou (Droit public et Environnement), Pauline Jolivet et Sabrina Lemari\u00e9 (Droit des soci\u00e9t\u00e9s \u2013 Fusions &amp; Acquisitions \u2013 Capital Investissement)<\/p>\n\n\n\n<p>Ces nominations refl\u00e8tent la volont\u00e9 du cabinet de promouvoir ses talents internes et de continuer \u00e0 renforcer les p\u00f4les d&rsquo;expertise de tous ses bureaux afin de r\u00e9pondre aux enjeux croissants de ses clients.<\/p>\n\n\n\n<p>C\u00e9cile Rouquette-T\u00e9rouanne, associ\u00e9e membre du Comit\u00e9 de direction, d\u00e9clare : \u00ab <em>Ces nominations t\u00e9moignent de notre confiance envers des avocates qui, par leur expertise, leur parcours et leur partage de l&rsquo;ADN du cabinet, contribuent \u00e0 nos succ\u00e8s. Elles participent activement \u00e0 l&rsquo;accompagnement de nos clients dans leurs projets et d\u00e9fis strat\u00e9giques<\/em> \u00bb. Ces nominations portent le nombre total d&rsquo;avocats directeurs \u00e0 43 au sein de Cornet Vincent S\u00e9gurel, parmi plus de 230 avocats et juristes.<\/p>\n<\/div><\/div>\n","protected":false},"excerpt":{"rendered":"<p>Implant\u00e9 dans 6 villes en France, le cabinet d\u2019avocats Cornet Vincent S\u00e9gurel poursuit le d\u00e9veloppement de ses \u00e9quipes en s&rsquo;appuyant sur la promotion interne en nommant 6 avocats directeurs au sein de ses bureaux de Lille, Nantes et Rennes.<\/p>\n","protected":false},"author":16,"featured_media":24316,"comment_status":"closed","ping_status":"closed","sticky":false,"template":"","format":"standard","meta":{"_acf_changed":true,"footnotes":""},"categories":[16],"tags":[],"class_list":["post-24303","post","type-post","status-publish","format-standard","has-post-thumbnail","hentry","category-communique"],"acf":[],"_links":{"self":[{"href":"https:\/\/www.cvs-avocats.com\/fr\/wp-json\/wp\/v2\/posts\/24303","targetHints":{"allow":["GET"]}}],"collection":[{"href":"https:\/\/www.cvs-avocats.com\/fr\/wp-json\/wp\/v2\/posts"}],"about":[{"href":"https:\/\/www.cvs-avocats.com\/fr\/wp-json\/wp\/v2\/types\/post"}],"author":[{"embeddable":true,"href":"https:\/\/www.cvs-avocats.com\/fr\/wp-json\/wp\/v2\/users\/16"}],"replies":[{"embeddable":true,"href":"https:\/\/www.cvs-avocats.com\/fr\/wp-json\/wp\/v2\/comments?post=24303"}],"version-history":[{"count":0,"href":"https:\/\/www.cvs-avocats.com\/fr\/wp-json\/wp\/v2\/posts\/24303\/revisions"}],"wp:featuredmedia":[{"embeddable":true,"href":"https:\/\/www.cvs-avocats.com\/fr\/wp-json\/wp\/v2\/media\/24316"}],"wp:attachment":[{"href":"https:\/\/www.cvs-avocats.com\/fr\/wp-json\/wp\/v2\/media?parent=24303"}],"wp:term":[{"taxonomy":"category","embeddable":true,"href":"https:\/\/www.cvs-avocats.com\/fr\/wp-json\/wp\/v2\/categories?post=24303"},{"taxonomy":"post_tag","embeddable":true,"href":"https:\/\/www.cvs-avocats.com\/fr\/wp-json\/wp\/v2\/tags?post=24303"}],"curies":[{"name":"wp","href":"https:\/\/api.w.org\/{rel}","templated":true}]}}