{"id":24026,"date":"2026-03-10T09:00:00","date_gmt":"2026-03-10T08:00:00","guid":{"rendered":"https:\/\/www.cvs-avocats.com\/?p=24026"},"modified":"2026-03-04T10:02:15","modified_gmt":"2026-03-04T09:02:15","slug":"colloque-le-prejudice-reputationnel-de-lentreprise","status":"publish","type":"post","link":"https:\/\/www.cvs-avocats.com\/fr\/colloque-le-prejudice-reputationnel-de-lentreprise\/","title":{"rendered":"[COLLOQUE] Le pr\u00e9judice r\u00e9putationnel de l&rsquo;entreprise"},"content":{"rendered":"\n<div class=\"wp-block-group\"><div class=\"wp-block-group__inner-container is-layout-constrained wp-block-group-is-layout-constrained\">\n<p>La Soci\u00e9t\u00e9 de l\u00e9gislation compar\u00e9e, sous la direction de H\u00e9l\u00e8ne Aubry et Marie Malaurie-Vignal, organise un colloque en pr\u00e9sentiel consacr\u00e9 aux enjeux juridiques li\u00e9s au pr\u00e9judice r\u00e9putationnel de l\u2019entreprise.<\/p>\n\n\n\n<p>Cette demi-journ\u00e9e d\u2019\u00e9changes s\u2019articulera autour de trois tables rondes :<br>1\ufe0f\u20e3 Comment se prot\u00e9ger contre les atteintes \u00e0 la r\u00e9putation ?<br>2\ufe0f\u20e3 Quelles sanctions de l\u2019atteinte \u00e0 la r\u00e9putation ?<br>3\ufe0f\u20e3 \u00c9tudes particuli\u00e8res<\/p>\n\n\n\n<p>Luc-Marie Augagneur, avocat associ\u00e9 et Ma\u00eetre de conf\u00e9rences en droit priv\u00e9 \u00e0 l\u2019Universit\u00e9 Jean Moulin Lyon 3, interviendra lors de la table ronde n\u00b02 sur le th\u00e8me : \u00ab La r\u00e9paration en nature de l\u2019atteinte \u00e0 la r\u00e9putation \u00bb.<\/p>\n\n\n\n<p>\ud83d\udcc5 Jeudi 4 juin 2026<br>\ud83d\udd51 De 14h \u00e0 17h45<br>\ud83d\udccd 28 rue Saint-Guillaume, 75007 Paris<\/p>\n\n\n\n<p>Inscriptions libres jusqu\u2019au 29 mai 2026 \u00e0 l\u2019adresse : emmanuelle.bouvier@legiscompare.com<\/p>\n\n\n\n<p>Ce colloque est \u00e9ligible \u00e0 la formation continue des avocats.<\/p>\n<\/div><\/div>\n","protected":false},"excerpt":{"rendered":"<p>La r\u00e9putation constitue aujourd\u2019hui un actif strat\u00e9gique majeur pour l\u2019entreprise, dont l\u2019atteinte soul\u00e8ve des enjeux juridiques complexes. \u00c0 l\u2019initiative de la Soci\u00e9t\u00e9 de l\u00e9gislation compar\u00e9e, un colloque r\u00e9unira universitaires et praticiens pour analyser les moyens de protection, les sanctions applicables et les modalit\u00e9s de r\u00e9paration du pr\u00e9judice r\u00e9putationnel.<\/p>\n","protected":false},"author":16,"featured_media":24042,"comment_status":"closed","ping_status":"closed","sticky":false,"template":"","format":"standard","meta":{"_acf_changed":true,"footnotes":""},"categories":[14],"tags":[],"class_list":["post-24026","post","type-post","status-publish","format-standard","has-post-thumbnail","hentry","category-news"],"acf":[],"_links":{"self":[{"href":"https:\/\/www.cvs-avocats.com\/fr\/wp-json\/wp\/v2\/posts\/24026","targetHints":{"allow":["GET"]}}],"collection":[{"href":"https:\/\/www.cvs-avocats.com\/fr\/wp-json\/wp\/v2\/posts"}],"about":[{"href":"https:\/\/www.cvs-avocats.com\/fr\/wp-json\/wp\/v2\/types\/post"}],"author":[{"embeddable":true,"href":"https:\/\/www.cvs-avocats.com\/fr\/wp-json\/wp\/v2\/users\/16"}],"replies":[{"embeddable":true,"href":"https:\/\/www.cvs-avocats.com\/fr\/wp-json\/wp\/v2\/comments?post=24026"}],"version-history":[{"count":0,"href":"https:\/\/www.cvs-avocats.com\/fr\/wp-json\/wp\/v2\/posts\/24026\/revisions"}],"wp:featuredmedia":[{"embeddable":true,"href":"https:\/\/www.cvs-avocats.com\/fr\/wp-json\/wp\/v2\/media\/24042"}],"wp:attachment":[{"href":"https:\/\/www.cvs-avocats.com\/fr\/wp-json\/wp\/v2\/media?parent=24026"}],"wp:term":[{"taxonomy":"category","embeddable":true,"href":"https:\/\/www.cvs-avocats.com\/fr\/wp-json\/wp\/v2\/categories?post=24026"},{"taxonomy":"post_tag","embeddable":true,"href":"https:\/\/www.cvs-avocats.com\/fr\/wp-json\/wp\/v2\/tags?post=24026"}],"curies":[{"name":"wp","href":"https:\/\/api.w.org\/{rel}","templated":true}]}}