{"id":22115,"date":"2025-09-23T14:52:58","date_gmt":"2025-09-23T12:52:58","guid":{"rendered":"https:\/\/www.cvs-avocats.com\/?p=22115"},"modified":"2025-12-12T16:13:08","modified_gmt":"2025-12-12T15:13:08","slug":"pratiques-abusives-de-google-cornet-vincent-segurel-conseille-le-groupe-rossel","status":"publish","type":"post","link":"https:\/\/www.cvs-avocats.com\/fr\/pratiques-abusives-de-google-cornet-vincent-segurel-conseille-le-groupe-rossel\/","title":{"rendered":"Pratiques abusives de Google : Cornet Vincent S\u00e9gurel conseille le groupe Rossel"},"content":{"rendered":"\n<div class=\"wp-block-group\"><div class=\"wp-block-group__inner-container is-layout-constrained wp-block-group-is-layout-constrained\">\n<p>Retrouvez les analyses de <strong>Thomas Deschryver<\/strong> et de <strong>Luc-Marie Augagneur<\/strong> dans cet article consacr\u00e9 \u00e0 l\u2019action men\u00e9e par Cornet Vincent S\u00e9gurel aux c\u00f4t\u00e9s du groupe Rossel contre les pratiques abusives de Google, \u00e0 la suite des sanctions historique prononc\u00e9es par les autorit\u00e9s fran\u00e7aises et europ\u00e9ennes.<\/p>\n\n\n\n<div class=\"wp-block-buttons is-layout-flex wp-block-buttons-is-layout-flex\">\n<div class=\"wp-block-button is-style-animated-link\"><a class=\"wp-block-button__link wp-element-button\" href=\"https:\/\/mesinfos.fr\/75000-paris\/pratiques-abusives-de-google-cornet-vincent-segurel-conseille-le-groupe-rossel-230155.html\" target=\"_blank\" rel=\"noreferrer noopener\">D\u00e9couvrez l&rsquo;article<\/a><\/div>\n<\/div>\n<\/div><\/div>\n","protected":false},"excerpt":{"rendered":"<p>Dans un contexte de r\u00e9gulation renforc\u00e9e du secteur publicitaire en ligne, Cornet Vincent S\u00e9gurel accompagne le groupe Rossel dans ses d\u00e9marches visant \u00e0 faire reconna\u00eetre les pratiques anticoncurrentielles de Google. La r\u00e9cente d\u00e9cision de la Commission europ\u00e9enne, qui sanctionne le g\u00e9ant technologique pour abus de position dominante, s\u2019inscrit dans la continuit\u00e9 des actions engag\u00e9es par les acteurs de la presse pour pr\u00e9server un environnement concurrentiel \u00e9quilibr\u00e9.<\/p>\n","protected":false},"author":16,"featured_media":22118,"comment_status":"closed","ping_status":"closed","sticky":false,"template":"","format":"standard","meta":{"_acf_changed":true,"footnotes":""},"categories":[15],"tags":[],"class_list":["post-22115","post","type-post","status-publish","format-standard","has-post-thumbnail","hentry","category-publications"],"acf":[],"_links":{"self":[{"href":"https:\/\/www.cvs-avocats.com\/fr\/wp-json\/wp\/v2\/posts\/22115","targetHints":{"allow":["GET"]}}],"collection":[{"href":"https:\/\/www.cvs-avocats.com\/fr\/wp-json\/wp\/v2\/posts"}],"about":[{"href":"https:\/\/www.cvs-avocats.com\/fr\/wp-json\/wp\/v2\/types\/post"}],"author":[{"embeddable":true,"href":"https:\/\/www.cvs-avocats.com\/fr\/wp-json\/wp\/v2\/users\/16"}],"replies":[{"embeddable":true,"href":"https:\/\/www.cvs-avocats.com\/fr\/wp-json\/wp\/v2\/comments?post=22115"}],"version-history":[{"count":0,"href":"https:\/\/www.cvs-avocats.com\/fr\/wp-json\/wp\/v2\/posts\/22115\/revisions"}],"wp:featuredmedia":[{"embeddable":true,"href":"https:\/\/www.cvs-avocats.com\/fr\/wp-json\/wp\/v2\/media\/22118"}],"wp:attachment":[{"href":"https:\/\/www.cvs-avocats.com\/fr\/wp-json\/wp\/v2\/media?parent=22115"}],"wp:term":[{"taxonomy":"category","embeddable":true,"href":"https:\/\/www.cvs-avocats.com\/fr\/wp-json\/wp\/v2\/categories?post=22115"},{"taxonomy":"post_tag","embeddable":true,"href":"https:\/\/www.cvs-avocats.com\/fr\/wp-json\/wp\/v2\/tags?post=22115"}],"curies":[{"name":"wp","href":"https:\/\/api.w.org\/{rel}","templated":true}]}}