{"id":21037,"date":"2025-10-30T10:00:00","date_gmt":"2025-10-30T09:00:00","guid":{"rendered":"https:\/\/www.cvs-avocats.com\/?p=21037"},"modified":"2025-10-29T17:29:02","modified_gmt":"2025-10-29T16:29:02","slug":"double-imposition-liberte-de-circulation-des-capitaux-pourquoi-la-taxe-sur-les-holdings-pourrait-bloquer-a-bruxelles","status":"publish","type":"post","link":"https:\/\/www.cvs-avocats.com\/fr\/double-imposition-liberte-de-circulation-des-capitaux-pourquoi-la-taxe-sur-les-holdings-pourrait-bloquer-a-bruxelles\/","title":{"rendered":"Double imposition, libert\u00e9 de circulation des capitaux\u2026 Pourquoi la taxe sur les holdings pourrait bloquer \u00e0 Bruxelles"},"content":{"rendered":"\n<div class=\"wp-block-group\"><div class=\"wp-block-group__inner-container is-layout-constrained wp-block-group-is-layout-constrained\">\n<p>Retrouvez l&rsquo;\u00e9clairage de Nicolas Palos dans cet article pour Le Figaro.<\/p>\n\n\n\n<div class=\"wp-block-buttons is-layout-flex wp-block-buttons-is-layout-flex\">\n<div class=\"wp-block-button is-style-animated-link\"><a class=\"wp-block-button__link wp-element-button\" href=\"https:\/\/www.lefigaro.fr\/societes\/double-imposition-liberte-de-circulation-des-capitaux-pourquoi-la-taxe-sur-les-holdings-pourrait-bloquer-a-bruxelles-20251029\" target=\"_blank\" rel=\"noreferrer noopener\">D\u00e9couvrez l&rsquo;article<\/a><\/div>\n<\/div>\n\n\n\n<p><em>Acc\u00e8s r\u00e9serv\u00e9 aux abonn\u00e9s<\/em><\/p>\n<\/div><\/div>\n","protected":false},"excerpt":{"rendered":"<p>Pr\u00e9sent\u00e9e comme un instrument de justice fiscale, la taxe sur les holdings patrimoniales voulue par Bercy pourrait bien se transformer en casse-t\u00eate europ\u00e9en. Entre risque de double imposition et entrave \u00e0 la libre circulation des capitaux, le dispositif suscite d\u00e9j\u00e0 de vives critiques chez les fiscalistes.<\/p>\n","protected":false},"author":16,"featured_media":21038,"comment_status":"closed","ping_status":"closed","sticky":false,"template":"","format":"standard","meta":{"_acf_changed":true,"footnotes":""},"categories":[15],"tags":[],"class_list":["post-21037","post","type-post","status-publish","format-standard","has-post-thumbnail","hentry","category-publications"],"acf":[],"_links":{"self":[{"href":"https:\/\/www.cvs-avocats.com\/fr\/wp-json\/wp\/v2\/posts\/21037","targetHints":{"allow":["GET"]}}],"collection":[{"href":"https:\/\/www.cvs-avocats.com\/fr\/wp-json\/wp\/v2\/posts"}],"about":[{"href":"https:\/\/www.cvs-avocats.com\/fr\/wp-json\/wp\/v2\/types\/post"}],"author":[{"embeddable":true,"href":"https:\/\/www.cvs-avocats.com\/fr\/wp-json\/wp\/v2\/users\/16"}],"replies":[{"embeddable":true,"href":"https:\/\/www.cvs-avocats.com\/fr\/wp-json\/wp\/v2\/comments?post=21037"}],"version-history":[{"count":0,"href":"https:\/\/www.cvs-avocats.com\/fr\/wp-json\/wp\/v2\/posts\/21037\/revisions"}],"wp:featuredmedia":[{"embeddable":true,"href":"https:\/\/www.cvs-avocats.com\/fr\/wp-json\/wp\/v2\/media\/21038"}],"wp:attachment":[{"href":"https:\/\/www.cvs-avocats.com\/fr\/wp-json\/wp\/v2\/media?parent=21037"}],"wp:term":[{"taxonomy":"category","embeddable":true,"href":"https:\/\/www.cvs-avocats.com\/fr\/wp-json\/wp\/v2\/categories?post=21037"},{"taxonomy":"post_tag","embeddable":true,"href":"https:\/\/www.cvs-avocats.com\/fr\/wp-json\/wp\/v2\/tags?post=21037"}],"curies":[{"name":"wp","href":"https:\/\/api.w.org\/{rel}","templated":true}]}}