{"id":20639,"date":"2025-11-13T09:00:00","date_gmt":"2025-11-13T08:00:00","guid":{"rendered":"https:\/\/www.cvs-avocats.com\/?p=20639"},"modified":"2025-11-04T09:57:50","modified_gmt":"2025-11-04T08:57:50","slug":"incidents-cyber-quelles-obligations-de-notification","status":"publish","type":"post","link":"https:\/\/www.cvs-avocats.com\/fr\/incidents-cyber-quelles-obligations-de-notification\/","title":{"rendered":"Incidents Cyber : quelles obligations de notification ?"},"content":{"rendered":"\n<div class=\"wp-block-group\"><div class=\"wp-block-group__inner-container is-layout-constrained wp-block-group-is-layout-constrained\">\n<p>Entre la CNIL, l\u2019ANSSI, l\u2019ACPR ou encore l\u2019ARS, les obligations en cas d\u2019incident cyber se multiplient et se complexifient.<\/p>\n\n\n\n<p>Avec les r\u00e8glements NIS 2, DORA, Cyber R\u00e9silience Act et l\u2019AI Act (pour ne citer qu\u2019eux), les d\u00e9lais se resserrent et les obligations de transparence s\u2019\u00e9tendent \u00e0 tous les secteurs.<\/p>\n\n\n\n<p>Pauline Ducoin, avocat associ\u00e9 du bureau de Lyon, fait le point complet sur qui doit notifier, quoi, \u00e0 qui et sous quel d\u00e9lai.<\/p>\n\n\n\n<div data-wp-interactive=\"core\/file\" class=\"wp-block-file aligncenter\" style=\"padding-top:0;padding-bottom:0\"><object data-wp-bind--hidden=\"!state.hasPdfPreview\" hidden class=\"wp-block-file__embed\" data=\"https:\/\/www.cvs-avocats.com\/wp-content\/uploads\/2025\/10\/SWIPE-Notifications-Cyber-1.pdf\" type=\"application\/pdf\" style=\"width:100%;height:1173px\" aria-label=\"Contenu embarqu\u00e9 [SWIPE] Notifications Cyber.\"><\/object><a id=\"wp-block-file--media-e04e2118-1cec-4029-8c1b-19ede80ccb58\" href=\"https:\/\/www.cvs-avocats.com\/wp-content\/uploads\/2025\/10\/SWIPE-Notifications-Cyber-1.pdf\">[SWIPE] Notifications Cyber<\/a><a href=\"https:\/\/www.cvs-avocats.com\/wp-content\/uploads\/2025\/10\/SWIPE-Notifications-Cyber-1.pdf\" class=\"wp-block-file__button wp-element-button\" download aria-describedby=\"wp-block-file--media-e04e2118-1cec-4029-8c1b-19ede80ccb58\">T\u00e9l\u00e9charger<\/a><\/div>\n<\/div><\/div>\n\n\n\n<p><\/p>\n","protected":false},"excerpt":{"rendered":"<p>En cas de cyberattaque, les entreprises fran\u00e7aises doivent composer avec un enchev\u00eatrement d&rsquo;obligations de notification. Selon leur secteur d&rsquo;activit\u00e9 et la nature de l&rsquo;incident, elles disposent de d\u00e9lais allant de 4 heures \u00e0 un mois pour alerter diverses autorit\u00e9s : CNIL, ANSSI, ACPR, ARS&#8230; Entre le RGPD, la directive NIS 2 et le r\u00e8glement DORA, cette complexit\u00e9 r\u00e9glementaire exige une vigilance accrue pour \u00e9viter les sanctions et prot\u00e9ger efficacement les donn\u00e9es.<\/p>\n","protected":false},"author":16,"featured_media":20647,"comment_status":"closed","ping_status":"closed","sticky":false,"template":"","format":"standard","meta":{"_acf_changed":true,"footnotes":""},"categories":[18,14],"tags":[],"class_list":["post-20639","post","type-post","status-publish","format-standard","has-post-thumbnail","hentry","category-news-en","category-news"],"acf":[],"_links":{"self":[{"href":"https:\/\/www.cvs-avocats.com\/fr\/wp-json\/wp\/v2\/posts\/20639","targetHints":{"allow":["GET"]}}],"collection":[{"href":"https:\/\/www.cvs-avocats.com\/fr\/wp-json\/wp\/v2\/posts"}],"about":[{"href":"https:\/\/www.cvs-avocats.com\/fr\/wp-json\/wp\/v2\/types\/post"}],"author":[{"embeddable":true,"href":"https:\/\/www.cvs-avocats.com\/fr\/wp-json\/wp\/v2\/users\/16"}],"replies":[{"embeddable":true,"href":"https:\/\/www.cvs-avocats.com\/fr\/wp-json\/wp\/v2\/comments?post=20639"}],"version-history":[{"count":0,"href":"https:\/\/www.cvs-avocats.com\/fr\/wp-json\/wp\/v2\/posts\/20639\/revisions"}],"wp:featuredmedia":[{"embeddable":true,"href":"https:\/\/www.cvs-avocats.com\/fr\/wp-json\/wp\/v2\/media\/20647"}],"wp:attachment":[{"href":"https:\/\/www.cvs-avocats.com\/fr\/wp-json\/wp\/v2\/media?parent=20639"}],"wp:term":[{"taxonomy":"category","embeddable":true,"href":"https:\/\/www.cvs-avocats.com\/fr\/wp-json\/wp\/v2\/categories?post=20639"},{"taxonomy":"post_tag","embeddable":true,"href":"https:\/\/www.cvs-avocats.com\/fr\/wp-json\/wp\/v2\/tags?post=20639"}],"curies":[{"name":"wp","href":"https:\/\/api.w.org\/{rel}","templated":true}]}}