{"id":19396,"date":"2025-09-24T10:16:36","date_gmt":"2025-09-24T08:16:36","guid":{"rendered":"https:\/\/www.cvs-avocats.com\/?p=19396"},"modified":"2026-01-20T15:43:26","modified_gmt":"2026-01-20T14:43:26","slug":"esenco-sidg","status":"publish","type":"post","link":"https:\/\/www.cvs-avocats.com\/fr\/esenco-sidg\/","title":{"rendered":"Aux c\u00f4t\u00e9s des cofondateurs d&rsquo;Esenco pour la cession de leur entreprise au groupe SIDG"},"content":{"rendered":"\n<div class=\"wp-block-group\"><div class=\"wp-block-group__inner-container is-layout-constrained wp-block-group-is-layout-constrained\">\n<p>Cette op\u00e9ration s&rsquo;inscrit dans la strat\u00e9gie de d\u00e9veloppement de SIDG, qui r\u00e9unit d\u00e9sormais Esenco, Firmalis et Lavoll\u00e9e afin de renforcer son p\u00f4le alimentaire et nutraceutique. Les cofondateurs d&rsquo;Esenco, Solenn Genestay et Matthieu Besnard, ont choisi de r\u00e9investir aux c\u00f4t\u00e9s de Waterland Private Equity et des managers du groupe acqu\u00e9reur.<\/p>\n\n\n\n<p>Fond\u00e9e par ses dirigeants, Esenco s&rsquo;est impos\u00e9e comme un acteur reconnu dans la distribution d&rsquo;ingr\u00e9dients sp\u00e9cialis\u00e9s pour les secteurs de la nutraceutique, des compl\u00e9ments alimentaires, de la nutrition sportive et de la sant\u00e9 pr\u00e9ventive. L&rsquo;entreprise apporte son expertise technique et son savoir-faire dans la s\u00e9lection d&rsquo;ingr\u00e9dients diff\u00e9renciants, en parfaite synergie avec les standards \u00e9lev\u00e9s du groupe SIDG.<\/p>\n\n\n\n<p>Ce rapprochement permet \u00e0 SIDG d&rsquo;enrichir son offre et d&rsquo;\u00e9largir sa couverture commerciale en France et en Europe, tout en b\u00e9n\u00e9ficiant de la proximit\u00e9 et de l&rsquo;expertise reconnues des \u00e9quipes d&rsquo;Esenco. L&rsquo;op\u00e9ration facilite \u00e9galement l&rsquo;\u00e9largissement de la base clients du groupe et apporte une expertise renforc\u00e9e sur des segments strat\u00e9giques.<\/p>\n\n\n\n<p>Une \u00e9quipe du cabinet d&rsquo;avocats Cornet Vincent S\u00e9gurel, compos\u00e9e de Ren\u00e9-Pierre Andlauer, avocat associ\u00e9, et Valentin Quiviger, avocat, a accompagn\u00e9 les cofondateurs d&rsquo;Esenco dans cette cession strat\u00e9gique.<\/p>\n\n\n\n<div style=\"height:50px\" aria-hidden=\"true\" class=\"wp-block-spacer\"><\/div>\n\n\n\n<h2 class=\"wp-block-heading\">Intervenants<\/h2>\n\n\n\n<p><strong>Soci\u00e9t\u00e9 :<\/strong> Esenco (Solenn Genestay, Matthieu Besnard)<\/p>\n\n\n\n<p><strong>Acqu\u00e9reur :<\/strong> SIDG (Herv\u00e9 Ory-Lavoll\u00e9e)<\/p>\n\n\n\n<p><strong><u>Conseils<\/u><\/strong><\/p>\n\n\n\n<p><strong>Avocats C\u00e9dant :<\/strong> Cornet Vincent S\u00e9gurel (Ren\u00e9-Pierre Andlauer, Valentin Quiviger)<\/p>\n\n\n\n<p><strong>Avocats Acqu\u00e9reur :<\/strong> Chaintrier Avocats (Thibaud Forbin, Pauline Pontier)<\/p>\n\n\n\n<p><strong>Audit financier :<\/strong> Wincap (Jean-Christian Raymond, Julien Cases)<\/p>\n\n\n\n<p><strong>Audit commercial :<\/strong> Roland Berger (Ambroise Lecat)<\/p>\n<\/div><\/div>\n","protected":false},"excerpt":{"rendered":"<p>Les cofondateurs d&rsquo;Esenco, sp\u00e9cialiste de la distribution d&rsquo;ingr\u00e9dients nutritionnels et nutraceutiques, ont c\u00e9d\u00e9 leur entreprise au groupe SIDG, consolidant la position de ce dernier comme acteur paneurop\u00e9en majeur de la distribution d&rsquo;ingr\u00e9dients de sp\u00e9cialit\u00e9.<\/p>\n","protected":false},"author":7,"featured_media":19399,"comment_status":"closed","ping_status":"closed","sticky":false,"template":"","format":"standard","meta":{"_acf_changed":true,"footnotes":""},"categories":[16],"tags":[],"class_list":["post-19396","post","type-post","status-publish","format-standard","has-post-thumbnail","hentry","category-communique"],"acf":[],"_links":{"self":[{"href":"https:\/\/www.cvs-avocats.com\/fr\/wp-json\/wp\/v2\/posts\/19396","targetHints":{"allow":["GET"]}}],"collection":[{"href":"https:\/\/www.cvs-avocats.com\/fr\/wp-json\/wp\/v2\/posts"}],"about":[{"href":"https:\/\/www.cvs-avocats.com\/fr\/wp-json\/wp\/v2\/types\/post"}],"author":[{"embeddable":true,"href":"https:\/\/www.cvs-avocats.com\/fr\/wp-json\/wp\/v2\/users\/7"}],"replies":[{"embeddable":true,"href":"https:\/\/www.cvs-avocats.com\/fr\/wp-json\/wp\/v2\/comments?post=19396"}],"version-history":[{"count":0,"href":"https:\/\/www.cvs-avocats.com\/fr\/wp-json\/wp\/v2\/posts\/19396\/revisions"}],"wp:featuredmedia":[{"embeddable":true,"href":"https:\/\/www.cvs-avocats.com\/fr\/wp-json\/wp\/v2\/media\/19399"}],"wp:attachment":[{"href":"https:\/\/www.cvs-avocats.com\/fr\/wp-json\/wp\/v2\/media?parent=19396"}],"wp:term":[{"taxonomy":"category","embeddable":true,"href":"https:\/\/www.cvs-avocats.com\/fr\/wp-json\/wp\/v2\/categories?post=19396"},{"taxonomy":"post_tag","embeddable":true,"href":"https:\/\/www.cvs-avocats.com\/fr\/wp-json\/wp\/v2\/tags?post=19396"}],"curies":[{"name":"wp","href":"https:\/\/api.w.org\/{rel}","templated":true}]}}