{"id":14601,"date":"2025-07-22T09:20:28","date_gmt":"2025-07-22T07:20:28","guid":{"rendered":"https:\/\/www.cvs-avocats.com\/?p=14601"},"modified":"2025-07-22T09:20:29","modified_gmt":"2025-07-22T07:20:29","slug":"arrets-de-travail-vers-un-durcissement-generalise","status":"publish","type":"post","link":"https:\/\/www.cvs-avocats.com\/fr\/arrets-de-travail-vers-un-durcissement-generalise\/","title":{"rendered":"Arr\u00eats de travail : vers un durcissement g\u00e9n\u00e9ralis\u00e9 ?"},"content":{"rendered":"\n<div class=\"wp-block-group\"><div class=\"wp-block-group__inner-container is-layout-constrained wp-block-group-is-layout-constrained\">\n<p>Caroline Henot, avocat associ\u00e9 au bureau de Lille, s&rsquo;exprime dans un article de Cadremploi sur le durcissement des r\u00e8gles encadrant les arr\u00eats de travail. Elle analyse les cons\u00e9quences possibles de ces \u00e9volutions pour les employeurs et les salari\u00e9s, au c\u0153ur d\u2019un contexte r\u00e9glementaire en pleine transformation.<\/p>\n\n\n\n<div class=\"wp-block-buttons is-layout-flex wp-block-buttons-is-layout-flex\">\n<div class=\"wp-block-button is-style-animated-link\"><a class=\"wp-block-button__link wp-element-button\">D\u00e9couvrez l&rsquo;interview<\/a><\/div>\n<\/div>\n<\/div><\/div>\n","protected":false},"excerpt":{"rendered":"<p>\u00c0 l\u2019approche du projet de budget 2026, les arr\u00eats de travail suscitent un vif d\u00e9bat. Entre hausse des co\u00fbts pour la S\u00e9curit\u00e9 sociale et volont\u00e9 de r\u00e9duire les abus, plusieurs mesures restrictives ont d\u00e9j\u00e0 \u00e9t\u00e9 prises, tandis que d\u2019autres propositions, parfois controvers\u00e9es, continuent d\u2019\u00e9merger. Employeurs, salari\u00e9s et pouvoirs publics doivent trouver un fragile \u00e9quilibre entre ma\u00eetrise des d\u00e9penses et sant\u00e9 au travail.<\/p>\n","protected":false},"author":16,"featured_media":14602,"comment_status":"closed","ping_status":"closed","sticky":false,"template":"","format":"standard","meta":{"_acf_changed":true,"footnotes":""},"categories":[15],"tags":[],"class_list":["post-14601","post","type-post","status-publish","format-standard","has-post-thumbnail","hentry","category-publications"],"acf":[],"_links":{"self":[{"href":"https:\/\/www.cvs-avocats.com\/fr\/wp-json\/wp\/v2\/posts\/14601","targetHints":{"allow":["GET"]}}],"collection":[{"href":"https:\/\/www.cvs-avocats.com\/fr\/wp-json\/wp\/v2\/posts"}],"about":[{"href":"https:\/\/www.cvs-avocats.com\/fr\/wp-json\/wp\/v2\/types\/post"}],"author":[{"embeddable":true,"href":"https:\/\/www.cvs-avocats.com\/fr\/wp-json\/wp\/v2\/users\/16"}],"replies":[{"embeddable":true,"href":"https:\/\/www.cvs-avocats.com\/fr\/wp-json\/wp\/v2\/comments?post=14601"}],"version-history":[{"count":0,"href":"https:\/\/www.cvs-avocats.com\/fr\/wp-json\/wp\/v2\/posts\/14601\/revisions"}],"wp:featuredmedia":[{"embeddable":true,"href":"https:\/\/www.cvs-avocats.com\/fr\/wp-json\/wp\/v2\/media\/14602"}],"wp:attachment":[{"href":"https:\/\/www.cvs-avocats.com\/fr\/wp-json\/wp\/v2\/media?parent=14601"}],"wp:term":[{"taxonomy":"category","embeddable":true,"href":"https:\/\/www.cvs-avocats.com\/fr\/wp-json\/wp\/v2\/categories?post=14601"},{"taxonomy":"post_tag","embeddable":true,"href":"https:\/\/www.cvs-avocats.com\/fr\/wp-json\/wp\/v2\/tags?post=14601"}],"curies":[{"name":"wp","href":"https:\/\/api.w.org\/{rel}","templated":true}]}}