{"id":14205,"date":"2025-07-03T08:30:00","date_gmt":"2025-07-03T06:30:00","guid":{"rendered":"https:\/\/www.cvs-avocats.com\/?p=14205"},"modified":"2025-07-03T09:25:59","modified_gmt":"2025-07-03T07:25:59","slug":"temoignage-lauren-rembi","status":"publish","type":"post","link":"https:\/\/www.cvs-avocats.com\/fr\/temoignage-lauren-rembi\/","title":{"rendered":"Une seule erreur peut faire perdre un match&#8230; ou un litige : t\u00e9moignage de Lauren Rembi."},"content":{"rendered":"\n<div class=\"wp-block-group\"><div class=\"wp-block-group__inner-container is-layout-constrained wp-block-group-is-layout-constrained\">\n<h3 class=\"wp-block-heading\">Quels ont \u00e9t\u00e9 les temps forts de ta saison sportive cette ann\u00e9e ? Tournois, comp\u00e9titions, r\u00e9sultats marquants.<\/h3>\n\n\n\n<p>Toute cette ann\u00e9e a \u00e9t\u00e9 un v\u00e9ritable temps fort. Apr\u00e8s ma non-s\u00e9lection pour les Jeux Olympiques de Paris, j\u2019ai longuement r\u00e9fl\u00e9chi \u00e0 la suite de ma carri\u00e8re. Devais-je continuer ou non ? Finalement, j\u2019ai choisi de me laisser une ann\u00e9e de r\u00e9flexion. Et contre toute attente, c\u2019est devenu ma meilleure saison.<\/p>\n\n\n\n<p>J\u2019ai retrouv\u00e9 un r\u00e9el plaisir \u00e0 pratiquer l\u2019escrime, et cela s\u2019est ressenti dans mes performances. J\u2019ai atteint mon meilleur classement mondial (13e) juste avant les championnats du monde qui se tiendront cet \u00e9t\u00e9 en G\u00e9orgie.<\/p>\n\n\n\n<p>Mais s\u2019il y a un moment que je retiens particuli\u00e8rement, c\u2019est ma troisi\u00e8me place lors de la premi\u00e8re Coupe du monde de la saison. Je n\u2019\u00e9tais pas mont\u00e9e sur un podium individuel depuis 2018. C\u2019\u00e9tait un moment fort, \u00e0 la fois \u00e9mouvant pour moi, mais aussi pour mes co\u00e9quipi\u00e8res, qui connaissent les \u00e9preuves que j\u2019ai travers\u00e9es ces derni\u00e8res ann\u00e9es.<\/p>\n\n\n\n<h3 class=\"wp-block-heading\">Comment as-tu r\u00e9ussi \u00e0 concilier ton exigence de sportive de haut niveau avec ton stage au sein de notre cabinet d\u2019avocats ?<\/h3>\n\n\n\n<p>J\u2019ai essay\u00e9 de compartimenter au mieux mes journ\u00e9es et d\u2019\u00eatre ultra organis\u00e9e. Quand j\u2019\u00e9tais au cabinet, j\u2019y \u00e9tais pleinement, physiquement et mentalement. Et c\u2019\u00e9tait la m\u00eame chose \u00e0 l\u2019escrime. Je ne vais pas mentir : ces six derniers mois ont \u00e9t\u00e9 les plus intenses de ma vie !<\/p>\n\n\n\n<p>J\u2019avais \u00e0 c\u0153ur de m\u2019investir pleinement pour le cabinet qui m\u2019a fait confiance, tout en continuant \u00e0 performer en comp\u00e9tition. \u00c0 chaque retour au bureau, la fameuse question \u201cAlors, t\u2019as gagn\u00e9 ?\u201d me motivait encore plus. M\u00eame si je n\u2019ai pas encore gagn\u00e9 (\u00e7a viendra !), j\u2019ai tenu bon malgr\u00e9 la fatigue, en grande partie gr\u00e2ce au soutien sinc\u00e8re que j\u2019ai re\u00e7u.<\/p>\n\n\n\n<h3 class=\"wp-block-heading\">Que retiens-tu de ces six mois pass\u00e9s \u00e0 nos c\u00f4t\u00e9s ? En quoi cette exp\u00e9rience a-t-elle nourri ton parcours professionnel ou personnel ?<\/h3>\n\n\n\n<p>Du bonheur, tout simplement. M\u00eame dans les moments de doute ou de fatigue, je rentrais chez moi en me sentant profond\u00e9ment heureuse de faire ce que je faisais.<\/p>\n\n\n\n<p>J\u2019\u00e9tais assez anxieuse \u00e0 l\u2019id\u00e9e d\u2019entrer dans le \u201cvrai monde\u201d. Je doutais de mes comp\u00e9tences, aussi bien professionnelles que relationnelles. J\u2019avais r\u00e9ussi le CRFPA, mais j\u2019avais parfois l\u2019impression que c\u2019\u00e9tait un coup de chance. Mon stage chez Cornet Vincent S\u00e9gurel, aux c\u00f4t\u00e9s de Jean-Fran\u00e7ois Puget, d\u2019Aur\u00e9lie Vucher-Bondet et de toute l\u2019\u00e9quipe, m\u2019a donn\u00e9 le sentiment d\u2019\u00eatre \u00e0 ma place.<\/p>\n\n\n\n<p>Je ne pensais pas autant aimer cette profession, ni m\u00eame appr\u00e9cier rester dans des bureaux ! Et pourtant, j\u2019ai ador\u00e9. J\u2019ai d\u00e9couvert une autre facette de moi-m\u00eame. Ce stage m\u2019a apport\u00e9 quelque chose de pr\u00e9cieux : la confiance. Et c\u2019est, selon moi, le plus beau cadeau que Cornet Vincent S\u00e9gurel pouvait m\u2019offrir.<\/p>\n\n\n\n<h3 class=\"wp-block-heading\">Selon toi, y a-t-il des points communs entre la discipline de l\u2019escrime et le m\u00e9tier d\u2019avocat\u00a0?<\/h3>\n\n\n\n<p>Oui, beaucoup. Les deux demandent une grande rigueur, de l\u2019organisation, de la pr\u00e9cision. Une seule erreur peut faire perdre un match&#8230; ou un litige.<\/p>\n\n\n\n<p>Mais au-del\u00e0 de l\u2019exigence, je pense que le plaisir est fondamental dans les deux cas. Ce sont des pratiques intenses, exigeantes, stressantes. Sans plaisir, il est difficile de rester concentr\u00e9, performant et surtout, de durer dans le temps.<\/p>\n\n\n\n<h3 class=\"wp-block-heading\">Quels sont tes projets ou tes ambitions pour la suite, tant sur le plan sportif que professionnel ?<\/h3>\n\n\n\n<p>C\u2019est LA question qui m\u2019a accompagn\u00e9e tout au long du stage. M\u00eame si j\u2019ai v\u00e9cu une de mes meilleures saisons sportives, je ne suis pas certaine de pouvoir continuer \u00e0 ce rythme. C\u2019est \u00e9puisant \u2013 physiquement comme mentalement.<\/p>\n\n\n\n<p>Le plus dur, c\u2019est que cette ann\u00e9e extraordinaire me pousse \u00e0 devoir choisir. Mon stage a \u00e9t\u00e9 si enrichissant, ma saison si belle\u2026 que j\u2019aimerais continuer \u00e0 tout faire. Mais mes journ\u00e9es ne durent que 24 heures !<\/p>\n\n\n\n<p>Aujourd\u2019hui, je suis encore dans une phase de r\u00e9flexion. Arr\u00eater le haut niveau me brise le c\u0153ur, mais ne pas exercer comme avocate tout de suite ne me convient pas non plus. Je cherche une solution qui me permettrait de continuer \u00e0 performer en escrime, d\u2019exercer (m\u00eame un peu) le m\u00e9tier d\u2019avocat, et de pr\u00e9server ma sant\u00e9.<\/p>\n\n\n\n<p>Je me laisse jusqu\u2019aux r\u00e9sultats du CAPA pour prendre une d\u00e9cision. En attendant, je vais me concentrer sur les championnats du monde, et pourquoi pas&#8230; finir cette ann\u00e9e exceptionnelle en beaut\u00e9.<\/p>\n<\/div><\/div>\n","protected":false},"excerpt":{"rendered":"<p>Retrouvez le t\u00e9moignage sinc\u00e8re, inspirant et profond\u00e9ment humain, de Lauren Rembi, \u00e9l\u00e8ve-avocat et \u00e9p\u00e9iste de haut de niveau.<\/p>\n","protected":false},"author":16,"featured_media":14208,"comment_status":"closed","ping_status":"closed","sticky":false,"template":"","format":"standard","meta":{"_acf_changed":false,"footnotes":""},"categories":[14],"tags":[],"class_list":["post-14205","post","type-post","status-publish","format-standard","has-post-thumbnail","hentry","category-news"],"acf":[],"_links":{"self":[{"href":"https:\/\/www.cvs-avocats.com\/fr\/wp-json\/wp\/v2\/posts\/14205","targetHints":{"allow":["GET"]}}],"collection":[{"href":"https:\/\/www.cvs-avocats.com\/fr\/wp-json\/wp\/v2\/posts"}],"about":[{"href":"https:\/\/www.cvs-avocats.com\/fr\/wp-json\/wp\/v2\/types\/post"}],"author":[{"embeddable":true,"href":"https:\/\/www.cvs-avocats.com\/fr\/wp-json\/wp\/v2\/users\/16"}],"replies":[{"embeddable":true,"href":"https:\/\/www.cvs-avocats.com\/fr\/wp-json\/wp\/v2\/comments?post=14205"}],"version-history":[{"count":0,"href":"https:\/\/www.cvs-avocats.com\/fr\/wp-json\/wp\/v2\/posts\/14205\/revisions"}],"wp:featuredmedia":[{"embeddable":true,"href":"https:\/\/www.cvs-avocats.com\/fr\/wp-json\/wp\/v2\/media\/14208"}],"wp:attachment":[{"href":"https:\/\/www.cvs-avocats.com\/fr\/wp-json\/wp\/v2\/media?parent=14205"}],"wp:term":[{"taxonomy":"category","embeddable":true,"href":"https:\/\/www.cvs-avocats.com\/fr\/wp-json\/wp\/v2\/categories?post=14205"},{"taxonomy":"post_tag","embeddable":true,"href":"https:\/\/www.cvs-avocats.com\/fr\/wp-json\/wp\/v2\/tags?post=14205"}],"curies":[{"name":"wp","href":"https:\/\/api.w.org\/{rel}","templated":true}]}}