{"id":13884,"date":"2025-06-11T12:37:46","date_gmt":"2025-06-11T10:37:46","guid":{"rendered":"https:\/\/www.cvs-avocats.com\/?p=13884"},"modified":"2025-06-11T15:10:19","modified_gmt":"2025-06-11T13:10:19","slug":"cornet-vincent-segurel-accompagne-le-groupe-cap-vert-dans-lacquisition-strategique-de-bernard-bois","status":"publish","type":"post","link":"https:\/\/www.cvs-avocats.com\/fr\/cornet-vincent-segurel-accompagne-le-groupe-cap-vert-dans-lacquisition-strategique-de-bernard-bois\/","title":{"rendered":"Cornet Vincent S\u00e9gurel accompagne Cap Vert dans l&rsquo;acquisition strat\u00e9gique de Bernard Bois"},"content":{"rendered":"\n<div class=\"wp-block-group\"><div class=\"wp-block-group__inner-container is-layout-constrained wp-block-group-is-layout-constrained\">\n<p>Le groupe reprend la majorit\u00e9 du capital \u00e0 Fr\u00e9d\u00e9ric Serrano, ancien dirigeant et actionnaire majoritaire de Bernard Bois qui r\u00e9investit \u00e0 l&rsquo;occasion de l&rsquo;op\u00e9ration. Cette transaction strat\u00e9gique permet \u00e0 Cap Vert de s\u00e9curiser l&rsquo;approvisionnement d&rsquo;un partenaire historique et de renforcer son p\u00f4le Paysage avec une expertise bois reconnue depuis plus de 40 ans.<\/p>\n\n\n\n<p>Fort de ses 40 collaborateurs qualifi\u00e9s et d&rsquo;un chiffre d&rsquo;affaires de 10 millions d&rsquo;euros, Bernard Bois apporte au groupe une expertise technique unique dans la conception, la production et l&rsquo;installation de plus de 200 r\u00e9f\u00e9rences de solutions bois : terrasses, mobilier urbain, \u00e9quipements ext\u00e9rieurs, passerelles, chalets, pergolas et parcours sportifs. Bas\u00e9e \u00e0 Fontainebleau avec un site de production dans les Vosges, la soci\u00e9t\u00e9 s&rsquo;adresse principalement aux acteurs du paysage, des travaux publics et aux collectivit\u00e9s territoriales.<\/p>\n\n\n\n<p>Les deux entreprises collaboraient d\u00e9j\u00e0 depuis plusieurs ann\u00e9es, Bernard Bois \u00e9tant un fournisseur privil\u00e9gi\u00e9 de Cap Vert dans le cadre de sa d\u00e9marche environnementale privil\u00e9giant l&rsquo;utilisation de produits en bois, de pr\u00e9f\u00e9rence sourc\u00e9s en France.<\/p>\n\n\n\n<p>Cette acquisition s&rsquo;inscrit dans la continuit\u00e9 de la strat\u00e9gie de d\u00e9veloppement sectoriel et g\u00e9ographique du Groupe Cap Vert, qui rassemble d\u00e9sormais plus de 1 000 collaborateurs pour un chiffre d&rsquo;affaires de 136 millions d&rsquo;euros. L&rsquo;op\u00e9ration permet de s\u00e9curiser un approvisionnement strat\u00e9gique tout en enrichissant le p\u00f4le Paysage d&rsquo;une expertise bois reconnue, consolidant ainsi l&rsquo;offre du Groupe sur l&rsquo;ensemble du territoire national. Bernard Bois conservera son autonomie op\u00e9rationnelle tout en profitant du maillage territorial de Cap Vert pour \u00e9tendre sa pr\u00e9sence au-del\u00e0 de l&rsquo;\u00cele-de-France. <\/p>\n\n\n\n<p>Une \u00e9quipe pluridisciplinaire du cabinet d&rsquo;avocats Cornet Vincent S\u00e9gurel, pilot\u00e9e par Pierre Lamidon, avocat associ\u00e9, a accompagn\u00e9 le Groupe Cap Vert tout au long de cette op\u00e9ration structurante, de la n\u00e9gociation \u00e0 la finalisation de l&rsquo;acquisition, sur l&rsquo;ensemble des aspects juridiques, fiscaux et sociaux de l&rsquo;op\u00e9ration.<\/p>\n\n\n\n<div style=\"height:30px\" aria-hidden=\"true\" class=\"wp-block-spacer\"><\/div>\n\n\n\n<h2 class=\"wp-block-heading\">Intervenants <\/h2>\n\n\n\n<p><strong>Soci\u00e9t\u00e9 cible :<\/strong> Bernard Bois<\/p>\n\n\n\n<p><strong>Acqu\u00e9reur :<\/strong> Groupe Cap Vert (Eric Girot)<\/p>\n\n\n\n<p><strong>C\u00e9dant :<\/strong> Manager (Fr\u00e9d\u00e9ric Serrano)<\/p>\n\n\n\n<p><strong>Dette :<\/strong> BNP Paribas Asset Management<\/p>\n\n\n\n<div style=\"height:21px\" aria-hidden=\"true\" class=\"wp-block-spacer\"><\/div>\n\n\n\n<h3 class=\"wp-block-heading\"><strong>Conseils<\/strong><\/h3>\n\n\n\n<p><strong>Avocat Acqu\u00e9reur :<\/strong> Cornet Vincent S\u00e9gurel<\/p>\n\n\n\n<ul class=\"wp-block-list\">\n<li><strong>Corporate M&amp;A :<\/strong> Pierre Lamidon (avocat associ\u00e9), Livia Shehi (avocat)<\/li>\n\n\n\n<li><strong>DD juridique, fiscale et sociale :<\/strong> Pierre Lamidon, Ang\u00e9line Lepigoche (avocats associ\u00e9s), Livia Shehi, Lucas Desiles, L\u00e9a Marquilly, Bleuenn Geffray (avocats)<\/li>\n<\/ul>\n\n\n\n<p><strong>DD financi\u00e8re Acqu\u00e9reur :<\/strong> Oderis (Norian Lebrot, Joris Griffond, Norman Fremont)<\/p>\n\n\n\n<p><strong>DD ESG :<\/strong> Oderis (Radia Benhallam, Lucile Cotelle, Camille Genin)<\/p>\n\n\n\n<p><strong>Avocats C\u00e9dant Corporate :<\/strong> Duroc Partners (Erwan Bordet)<\/p>\n\n\n\n<p><strong>VDD :<\/strong> Arecom (Val\u00e9rie Jeanson)<\/p>\n\n\n\n<p><\/p>\n<\/div><\/div>\n","protected":false},"excerpt":{"rendered":"<p>Le Groupe Cap Vert, acteur multi-m\u00e9tiers dans l&rsquo;entretien des arbres, l&rsquo;am\u00e9nagement paysager et l&rsquo;arrosage automatique, fait l&rsquo;acquisition de la soci\u00e9t\u00e9 Bernard Bois, experte dans la cr\u00e9ation de structures et mobilier en bois pour le milieu ext\u00e9rieur. <\/p>\n","protected":false},"author":7,"featured_media":13885,"comment_status":"closed","ping_status":"closed","sticky":false,"template":"","format":"standard","meta":{"_acf_changed":false,"footnotes":""},"categories":[16],"tags":[],"class_list":["post-13884","post","type-post","status-publish","format-standard","has-post-thumbnail","hentry","category-communique"],"acf":[],"_links":{"self":[{"href":"https:\/\/www.cvs-avocats.com\/fr\/wp-json\/wp\/v2\/posts\/13884","targetHints":{"allow":["GET"]}}],"collection":[{"href":"https:\/\/www.cvs-avocats.com\/fr\/wp-json\/wp\/v2\/posts"}],"about":[{"href":"https:\/\/www.cvs-avocats.com\/fr\/wp-json\/wp\/v2\/types\/post"}],"author":[{"embeddable":true,"href":"https:\/\/www.cvs-avocats.com\/fr\/wp-json\/wp\/v2\/users\/7"}],"replies":[{"embeddable":true,"href":"https:\/\/www.cvs-avocats.com\/fr\/wp-json\/wp\/v2\/comments?post=13884"}],"version-history":[{"count":0,"href":"https:\/\/www.cvs-avocats.com\/fr\/wp-json\/wp\/v2\/posts\/13884\/revisions"}],"wp:featuredmedia":[{"embeddable":true,"href":"https:\/\/www.cvs-avocats.com\/fr\/wp-json\/wp\/v2\/media\/13885"}],"wp:attachment":[{"href":"https:\/\/www.cvs-avocats.com\/fr\/wp-json\/wp\/v2\/media?parent=13884"}],"wp:term":[{"taxonomy":"category","embeddable":true,"href":"https:\/\/www.cvs-avocats.com\/fr\/wp-json\/wp\/v2\/categories?post=13884"},{"taxonomy":"post_tag","embeddable":true,"href":"https:\/\/www.cvs-avocats.com\/fr\/wp-json\/wp\/v2\/tags?post=13884"}],"curies":[{"name":"wp","href":"https:\/\/api.w.org\/{rel}","templated":true}]}}