{"id":13166,"date":"2025-03-24T10:21:32","date_gmt":"2025-03-24T09:21:32","guid":{"rendered":"https:\/\/www.cvs-avocats.com\/?p=13166"},"modified":"2025-03-24T10:21:34","modified_gmt":"2025-03-24T09:21:34","slug":"cornet-vincent-segurel-accompagne-durisotti-reprise-par-gte-automotive","status":"publish","type":"post","link":"https:\/\/www.cvs-avocats.com\/fr\/cornet-vincent-segurel-accompagne-durisotti-reprise-par-gte-automotive\/","title":{"rendered":"Cornet Vincent S\u00e9gurel accompagne Durisotti dans le cadre de sa reprise par GTE Automotive"},"content":{"rendered":"\n<div class=\"wp-block-group\"><div class=\"wp-block-group__inner-container is-layout-constrained wp-block-group-is-layout-constrained\">\n<p>Fond\u00e9 en 1956, le groupe Durisotti s&rsquo;est impos\u00e9 comme un acteur historique fran\u00e7ais sp\u00e9cialis\u00e9 dans la transformation et l&rsquo;am\u00e9nagement de v\u00e9hicules utilitaires et professionnels. L&rsquo;entreprise \u00e9quipe aujourd&rsquo;hui 10% des v\u00e9hicules vendus aux professionnels en France, notamment pour les services publics essentiels tels que les pompiers, la police, l&rsquo;arm\u00e9e, ainsi que pour le transport de personnes.<\/p>\n\n\n\n<p>Apr\u00e8s avoir connu des difficult\u00e9s financi\u00e8res et un passage sous pavillon britannique en 2019 (rachat par GFG Alliance), Durisotti retrouve ses racines fran\u00e7aises gr\u00e2ce \u00e0 cette acquisition strat\u00e9gique par GTE Automotive. Cette op\u00e9ration a permis de pr\u00e9server 191 emplois r\u00e9partis sur trois sites en France, \u00e0 Sallaumines, Agen et Metz.<\/p>\n\n\n\n<p>GTE Automotive, groupe industriel fran\u00e7ais sp\u00e9cialiste de l&rsquo;\u00e9lectrification et du r\u00e9trofit (conversion des v\u00e9hicules thermiques en \u00e9lectriques ou hybrides), accompagne minist\u00e8res, collectivit\u00e9s et entreprises dans la transition \u00e9nerg\u00e9tique de leurs parcs automobiles. Son mod\u00e8le permet \u00e0 la fois de r\u00e9duire l&#8217;empreinte carbone des v\u00e9hicules, de prolonger leur dur\u00e9e de vie et de r\u00e9pondre aux enjeux budg\u00e9taires actuels des collectivit\u00e9s et des constructeurs.<\/p>\n\n\n\n<p>Cette acquisition s&rsquo;accompagne d&rsquo;une recapitalisation et d&rsquo;un apport de 5,1 M\u20ac pour Durisotti, ainsi que de l&rsquo;obtention de financements cl\u00e9s aupr\u00e8s de partenaires bancaires, de l&rsquo;\u00c9tat, de la r\u00e9gion Hauts-de-France et de la Communaut\u00e9 d&rsquo;Agglom\u00e9ration de Lens Li\u00e9vin (CALL).<\/p>\n\n\n\n<p>La reprise s\u2019accompagne d\u2019un plan d&rsquo;investissement sur 3 ans de GTE Automotive. Celui-ci pr\u00e9voit 20 M\u20ac pour moderniser les infrastructures et diversifier les activit\u00e9s de Durisotti, avec la cr\u00e9ation d&rsquo;un Centre Europ\u00e9en de la Mobilit\u00e9 D\u00e9carbon\u00e9e \u00e0 Sallaumines. Ce centre accueillera de nouvelles lignes de production d\u00e9di\u00e9es au r\u00e9trofit et \u00e0 l&rsquo;\u00e9lectrification de cars et v\u00e9hicules, ainsi qu&rsquo;au secteur de la d\u00e9fense.<\/p>\n\n\n\n<p>Avec une situation financi\u00e8re d\u00e9sormais assainie, Durisotti vise un chiffre d&rsquo;affaires de 62 M\u20ac en 2028 et le recrutement d&rsquo;une centaine de collaborateurs. De son c\u00f4t\u00e9, GTE Automotive, qui a r\u00e9alis\u00e9 un chiffre d&rsquo;affaires de 65 M\u20ac en 2024, ambitionne de d\u00e9passer les 311 M\u20ac en 2028, consolidant ainsi sa position de leader sur le march\u00e9 de la mobilit\u00e9 d\u00e9carbon\u00e9e.<\/p>\n\n\n\n<p>Dans cette op\u00e9ration, une \u00e9quipe du cabinet Cornet Vincent S\u00e9gurel a accompagn\u00e9 le groupe Durisotti dans cette reprise.<\/p>\n\n\n\n<div style=\"height:67px\" aria-hidden=\"true\" class=\"wp-block-spacer\"><\/div>\n\n\n\n<h2 class=\"wp-block-heading\">Intervenants<\/h2>\n\n\n\n<p><strong>Soci\u00e9t\u00e9 :<\/strong> Groupe Durisotti<\/p>\n\n\n\n<p><strong>Acqu\u00e9reur&nbsp;:<\/strong> Groupe GTE Automotive<\/p>\n\n\n\n<h3 class=\"wp-block-heading\"><strong><u>Conseils<\/u><\/strong><\/h3>\n\n\n\n<p><strong>Avocats Soci\u00e9t\u00e9 cible : <\/strong>Cornet Vincent S\u00e9gurel (Thomas Deschryver, St\u00e9phanie Forest)<\/p>\n\n\n\n<p><strong>Administrateur judiciaire Soci\u00e9t\u00e9 cible : <\/strong>R&amp;D (Gilbert Declercq, Herv\u00e9-Claude Candotti)<\/p>\n\n\n\n<p><strong>Conseil Soci\u00e9t\u00e9 cible : <\/strong>ComC2 (C\u00e9dric Orban)<\/p>\n\n\n\n<p><strong>Avocats Acqu\u00e9reur : <\/strong>Franklin Avocats (Numa Rengot, Fanny Attal, Yann Aubert)<\/p>\n\n\n\n<p><strong>Conseil Acqu\u00e9reur : <\/strong>KPMG (Fran\u00e7ois Schott\u00e9, Cl\u00e9ment Lefort)<\/p>\n\n\n\n<p><strong>Agence de communication : <\/strong>VP Strat (V\u00e9ronique Pernin et Camille Rodot)<\/p>\n<\/div><\/div>\n","protected":false},"excerpt":{"rendered":"<p>En difficult\u00e9, le groupe Durisotti, acteur majeur de la carrosserie industrielle en France, a \u00e9t\u00e9 acquis en juillet 2024 par GTE Automotive, leader europ\u00e9en des solutions de d\u00e9carbonation de la mobilit\u00e9 professionnelle.<\/p>\n","protected":false},"author":16,"featured_media":13167,"comment_status":"closed","ping_status":"closed","sticky":false,"template":"","format":"standard","meta":{"_acf_changed":true,"footnotes":""},"categories":[16],"tags":[],"class_list":["post-13166","post","type-post","status-publish","format-standard","has-post-thumbnail","hentry","category-communique"],"acf":[],"_links":{"self":[{"href":"https:\/\/www.cvs-avocats.com\/fr\/wp-json\/wp\/v2\/posts\/13166","targetHints":{"allow":["GET"]}}],"collection":[{"href":"https:\/\/www.cvs-avocats.com\/fr\/wp-json\/wp\/v2\/posts"}],"about":[{"href":"https:\/\/www.cvs-avocats.com\/fr\/wp-json\/wp\/v2\/types\/post"}],"author":[{"embeddable":true,"href":"https:\/\/www.cvs-avocats.com\/fr\/wp-json\/wp\/v2\/users\/16"}],"replies":[{"embeddable":true,"href":"https:\/\/www.cvs-avocats.com\/fr\/wp-json\/wp\/v2\/comments?post=13166"}],"version-history":[{"count":0,"href":"https:\/\/www.cvs-avocats.com\/fr\/wp-json\/wp\/v2\/posts\/13166\/revisions"}],"wp:featuredmedia":[{"embeddable":true,"href":"https:\/\/www.cvs-avocats.com\/fr\/wp-json\/wp\/v2\/media\/13167"}],"wp:attachment":[{"href":"https:\/\/www.cvs-avocats.com\/fr\/wp-json\/wp\/v2\/media?parent=13166"}],"wp:term":[{"taxonomy":"category","embeddable":true,"href":"https:\/\/www.cvs-avocats.com\/fr\/wp-json\/wp\/v2\/categories?post=13166"},{"taxonomy":"post_tag","embeddable":true,"href":"https:\/\/www.cvs-avocats.com\/fr\/wp-json\/wp\/v2\/tags?post=13166"}],"curies":[{"name":"wp","href":"https:\/\/api.w.org\/{rel}","templated":true}]}}