{"id":12777,"date":"2025-03-19T17:24:47","date_gmt":"2025-03-19T16:24:47","guid":{"rendered":"https:\/\/www.cvs-avocats.com\/?p=12777"},"modified":"2025-05-27T12:31:53","modified_gmt":"2025-05-27T10:31:53","slug":"utilisation-plus-strategique-du-rgpd-pour-concurrence-deloyale","status":"publish","type":"post","link":"https:\/\/www.cvs-avocats.com\/fr\/utilisation-plus-strategique-du-rgpd-pour-concurrence-deloyale\/","title":{"rendered":"Une utilisation plus strat\u00e9gique du RGPD pour la concurrence d\u00e9loyale"},"content":{"rendered":"\n<div class=\"wp-block-group\"><div class=\"wp-block-group__inner-container is-layout-constrained wp-block-group-is-layout-constrained\">\n<p>La <a href=\"https:\/\/www.linkedin.com\/company\/376550\/admin\/page-posts\/published\/#\">Cour de justice de l&rsquo;Union europ\u00e9enne<\/a> a en effet reconnu qu&rsquo;une violation du RGPD pouvait constituer un acte de concurrence d\u00e9loyale, permettant ainsi \u00e0 un concurrent d&rsquo;agir en justice sur ce fondement.<\/p>\n\n\n\n<p>En s&rsquo;appuyant sur la notion \u00ab\u00a0d&rsquo;effet utile\u00a0\u00bb, cette d\u00e9cision rappelle que le RGPD doit \u00eatre pleinement effectif et souligne l&rsquo;importance pour les entreprises de se conformer \u00e0 ce texte pour limiter leurs risques juridiques et pr\u00e9server leur r\u00e9putation.<\/p>\n\n\n\n<p>Au-del\u00e0 des sanctions administratives, le risque concurrentiel devient une menace r\u00e9elle, exposant les entreprises \u00e0 des actions judiciaires et \u00e0 un pr\u00e9judice d\u2019image en cas de non-conformit\u00e9.<\/p>\n\n\n\n<div class=\"wp-block-buttons is-layout-flex wp-block-buttons-is-layout-flex\">\n<div class=\"wp-block-button is-style-animated-link\"><a class=\"wp-block-button__link wp-element-button\" href=\"https:\/\/www.usine-digitale.fr\/article\/vers-une-utilisation-strategique-du-rgpd-en-matiere-de-concurrence-deloyale.N2228017\" target=\"_blank\" rel=\"noreferrer noopener\">D\u00e9couvrez l&rsquo;article dans son int\u00e9gralit\u00e9<\/a><\/div>\n<\/div>\n\n\n\n<p>(Article r\u00e9serv\u00e9 aux abonn\u00e9s uniquement)<\/p>\n<\/div><\/div>\n","protected":false},"excerpt":{"rendered":"<p>Pauline Ducoin, avocate associ\u00e9e au bureau de Lyon, a \u00e9chang\u00e9 avec Club Data Protection pour le magazine L&rsquo;Usine Nouvelle, en revenant sur une r\u00e9cente d\u00e9cision de la Cour de justice de l&rsquo;Union europ\u00e9enne, qui renforce l&rsquo;impact du RGPD en mati\u00e8re de concurrence d\u00e9loyale.<\/p>\n","protected":false},"author":16,"featured_media":12778,"comment_status":"closed","ping_status":"closed","sticky":false,"template":"","format":"standard","meta":{"_acf_changed":false,"footnotes":""},"categories":[16],"tags":[],"class_list":["post-12777","post","type-post","status-publish","format-standard","has-post-thumbnail","hentry","category-communique"],"acf":[],"_links":{"self":[{"href":"https:\/\/www.cvs-avocats.com\/fr\/wp-json\/wp\/v2\/posts\/12777","targetHints":{"allow":["GET"]}}],"collection":[{"href":"https:\/\/www.cvs-avocats.com\/fr\/wp-json\/wp\/v2\/posts"}],"about":[{"href":"https:\/\/www.cvs-avocats.com\/fr\/wp-json\/wp\/v2\/types\/post"}],"author":[{"embeddable":true,"href":"https:\/\/www.cvs-avocats.com\/fr\/wp-json\/wp\/v2\/users\/16"}],"replies":[{"embeddable":true,"href":"https:\/\/www.cvs-avocats.com\/fr\/wp-json\/wp\/v2\/comments?post=12777"}],"version-history":[{"count":0,"href":"https:\/\/www.cvs-avocats.com\/fr\/wp-json\/wp\/v2\/posts\/12777\/revisions"}],"wp:featuredmedia":[{"embeddable":true,"href":"https:\/\/www.cvs-avocats.com\/fr\/wp-json\/wp\/v2\/media\/12778"}],"wp:attachment":[{"href":"https:\/\/www.cvs-avocats.com\/fr\/wp-json\/wp\/v2\/media?parent=12777"}],"wp:term":[{"taxonomy":"category","embeddable":true,"href":"https:\/\/www.cvs-avocats.com\/fr\/wp-json\/wp\/v2\/categories?post=12777"},{"taxonomy":"post_tag","embeddable":true,"href":"https:\/\/www.cvs-avocats.com\/fr\/wp-json\/wp\/v2\/tags?post=12777"}],"curies":[{"name":"wp","href":"https:\/\/api.w.org\/{rel}","templated":true}]}}