{"id":12416,"date":"2025-02-13T10:05:36","date_gmt":"2025-02-13T09:05:36","guid":{"rendered":"https:\/\/www.cvs-avocats.com\/?p=12416"},"modified":"2025-02-13T12:11:15","modified_gmt":"2025-02-13T11:11:15","slug":"transfert-terra-botanica-au-groupe-looping","status":"publish","type":"post","link":"https:\/\/www.cvs-avocats.com\/fr\/transfert-terra-botanica-au-groupe-looping\/","title":{"rendered":"Cornet Vincent S\u00e9gurel conseille les collectivit\u00e9s et le GIP dans le transfert de la gestion de Terra Botanica au Groupe Looping"},"content":{"rendered":"\n<div class=\"wp-block-group\"><div class=\"wp-block-group__inner-container is-layout-constrained wp-block-group-is-layout-constrained\">\n<p>Premier parc d\u00e9di\u00e9 au v\u00e9g\u00e9tal et \u00e0 la biodiversit\u00e9 depuis son ouverture en 2010, Terra Botanica \u00e9tait jusqu&rsquo;alors exploit\u00e9 conjointement par les deux collectivit\u00e9s dans le cadre d&rsquo;un groupement d&rsquo;int\u00e9r\u00eat public.<\/p>\n\n\n\n<p>Cette op\u00e9ration strat\u00e9gique se mat\u00e9rialise par l&rsquo;octroi d&rsquo;un bail emphyt\u00e9otique administratif d&rsquo;une dur\u00e9e de 40 ans au Groupe Looping, qui s&rsquo;engage \u00e0 d\u00e9ployer un ambitieux programme d&rsquo;investissements de 59 millions d&rsquo;euros sur les dix prochaines ann\u00e9es. Ce programme de d\u00e9veloppement vise \u00e0 renforcer l&rsquo;attractivit\u00e9 et le rayonnement du parc, notamment \u00e0 travers :<\/p>\n\n\n\n<p>La cr\u00e9ation d&rsquo;h\u00e9bergements th\u00e9matis\u00e9s comprenant des lodges et un h\u00f4tel<\/p>\n\n\n\n<p>Le d\u00e9veloppement et la modernisation des \u00e9quipements et attractions<\/p>\n\n\n\n<p>Fort de son expertise pluridisciplinaire en droit des affaires, plusieurs \u00e9quipes du cabinet Cornet Vincent S\u00e9gurel, pilot\u00e9es par Fr\u00e9d\u00e9ric Marchand, avocat associ\u00e9, ont accompagn\u00e9 le groupement d&rsquo;int\u00e9r\u00eat public Terra Botanica, le D\u00e9partement de Maine-et-Loire et la Ville d&rsquo;Angers tout au long de cette op\u00e9ration structurante.<\/p>\n\n\n\n<div style=\"height:100px\" aria-hidden=\"true\" class=\"wp-block-spacer\"><\/div>\n\n\n\n<h2 class=\"wp-block-heading\">Conseils<\/h2>\n\n\n\n<p><strong>Avocats Terra Botanica, D\u00e9partement de Maine et Loire, Ville d\u2019Angers<\/strong> : Cornet Vincent S\u00e9gurel<\/p>\n\n\n\n<ul class=\"wp-block-list\">\n<li><strong>Droit public<\/strong> : Fr\u00e9d\u00e9ric Marchand, Avocat associ\u00e9<\/li>\n\n\n\n<li><strong>Corporate <\/strong>: Marie-Alix Troadec, Avocate associ\u00e9e<\/li>\n\n\n\n<li><strong>Propri\u00e9t\u00e9 intellectuelle<\/strong> : J\u00e9r\u00f4me Wiehn, Avocat associ\u00e9<\/li>\n\n\n\n<li><strong>Droit fiscal<\/strong> : Nicolas Palos, Avocat associ\u00e9<\/li>\n<\/ul>\n\n\n\n<p><strong>Avocats Groupe Looping<\/strong> : De Pardieu Brocas Maffei<\/p>\n\n\n\n<ul class=\"wp-block-list\">\n<li><strong>Corporate <\/strong>: Magali Masson, Avocate associ\u00e9e, Tiphanie Levassort<\/li>\n\n\n\n<li><strong>Propri\u00e9t\u00e9 intellectuelle<\/strong> : Barbara Epstei<\/li>\n<\/ul>\n<\/div><\/div>\n","protected":false},"excerpt":{"rendered":"<p>Le D\u00e9partement de Maine-et-Loire et la Ville d&rsquo;Angers ont confi\u00e9 la gestion du Parc Terra Botanica au Groupe Looping, leader europ\u00e9en des parcs de loisirs r\u00e9gionaux.<\/p>\n","protected":false},"author":16,"featured_media":12417,"comment_status":"closed","ping_status":"closed","sticky":false,"template":"","format":"standard","meta":{"_acf_changed":true,"footnotes":""},"categories":[16],"tags":[],"class_list":["post-12416","post","type-post","status-publish","format-standard","has-post-thumbnail","hentry","category-communique"],"acf":[],"_links":{"self":[{"href":"https:\/\/www.cvs-avocats.com\/fr\/wp-json\/wp\/v2\/posts\/12416","targetHints":{"allow":["GET"]}}],"collection":[{"href":"https:\/\/www.cvs-avocats.com\/fr\/wp-json\/wp\/v2\/posts"}],"about":[{"href":"https:\/\/www.cvs-avocats.com\/fr\/wp-json\/wp\/v2\/types\/post"}],"author":[{"embeddable":true,"href":"https:\/\/www.cvs-avocats.com\/fr\/wp-json\/wp\/v2\/users\/16"}],"replies":[{"embeddable":true,"href":"https:\/\/www.cvs-avocats.com\/fr\/wp-json\/wp\/v2\/comments?post=12416"}],"version-history":[{"count":0,"href":"https:\/\/www.cvs-avocats.com\/fr\/wp-json\/wp\/v2\/posts\/12416\/revisions"}],"wp:featuredmedia":[{"embeddable":true,"href":"https:\/\/www.cvs-avocats.com\/fr\/wp-json\/wp\/v2\/media\/12417"}],"wp:attachment":[{"href":"https:\/\/www.cvs-avocats.com\/fr\/wp-json\/wp\/v2\/media?parent=12416"}],"wp:term":[{"taxonomy":"category","embeddable":true,"href":"https:\/\/www.cvs-avocats.com\/fr\/wp-json\/wp\/v2\/categories?post=12416"},{"taxonomy":"post_tag","embeddable":true,"href":"https:\/\/www.cvs-avocats.com\/fr\/wp-json\/wp\/v2\/tags?post=12416"}],"curies":[{"name":"wp","href":"https:\/\/api.w.org\/{rel}","templated":true}]}}