{"id":12137,"date":"2025-01-22T09:43:36","date_gmt":"2025-01-22T08:43:36","guid":{"rendered":"https:\/\/www.cvs-avocats.com\/?p=12137"},"modified":"2026-04-10T10:14:07","modified_gmt":"2026-04-10T08:14:07","slug":"nortec-reorganisation-capital-et-entree-innovafonds","status":"publish","type":"post","link":"https:\/\/www.cvs-avocats.com\/fr\/nortec-reorganisation-capital-et-entree-innovafonds\/","title":{"rendered":"Cornet Vincent S\u00e9gurel accompagne Nortec pour la r\u00e9organisation du capital du groupe et de l&rsquo;entr\u00e9e d&rsquo;Innovafonds"},"content":{"rendered":"\n<div class=\"wp-block-group\"><div class=\"wp-block-group__inner-container is-layout-constrained wp-block-group-is-layout-constrained\">\n<p>L\u2019op\u00e9ration est l\u2019occasion pour certains associ\u00e9s historiques de faire leur sortie du capital tandis que Beno\u00eet Petit, R\u00e9mi Allion, Directeurs G\u00e9n\u00e9raux, et Isabelle Delannoy, Directrice administrative et financi\u00e8re du groupe, renforce leur participation.<\/p>\n\n\n\n<p>En parall\u00e8le de cette op\u00e9ration, le groupe renforce ses capacit\u00e9s \u00e0 acc\u00e9l\u00e9rer son d\u00e9veloppement en levant une dette senior de 10 millions d\u2019euros aupr\u00e8s de BNP Paribas, ABN Amro Bank N.V., Banque populaire du Nord et Caisse d\u2019Epargne et de pr\u00e9voyance des Hauts-de-France.<\/p>\n\n\n\n<p>Cr\u00e9\u00e9 en 1995 et bas\u00e9 \u00e0 Villeneuve-d\u2019Ascq et Paris, le groupe Nortec est un bureau d&rsquo;\u00e9tudes techniques pluridisciplinaire dans le b\u00e2timent actif dans les secteurs du logement (neuf et r\u00e9habilitation), de l&rsquo;industrie, du tertiaire, du scolaire ou encore des loisirs. Le groupe compte plus de 74 collaborateurs et a r\u00e9alis\u00e9 un chiffre d\u2019affaires de 12 millions d\u2019euros en 2023.<\/p>\n\n\n\n<p>Lors de cette op\u00e9ration, une \u00e9quipe pluridisciplinaire de Cornet Vincent S\u00e9gurel a accompagn\u00e9 le groupe Nortec et ses dirigeants pour la r\u00e9organisation du capital, d\u2019une part, et pour la mise en place du financement structur\u00e9, d\u2019autre part.<\/p>\n\n\n\n<div style=\"height:40px\" aria-hidden=\"true\" class=\"wp-block-spacer\"><\/div>\n\n\n\n<h2 class=\"wp-block-heading\">Intervenants<\/h2>\n\n\n\n<p><strong>Soci\u00e9t\u00e9 :<\/strong> Groupe Nortec &#8211; Benoit PETIT, R\u00e9mi ALLION (DG), Isabelle DELANNOY (DAF)<\/p>\n\n\n\n<p><strong>C\u00e9dants&nbsp;: <\/strong>Dirigeants, associ\u00e9s historiques<\/p>\n\n\n\n<p><strong>Investisseur&nbsp;: <\/strong>Innovafonds &#8211; Cyril CHAUMIEN (associ\u00e9 g\u00e9rant), Victoire ESTAGER, Romain de SOUCY<\/p>\n\n\n\n<p><strong>Dette :<\/strong> BNP Paribas (Fanny DEJAEGER, Benjamin BUYSSENS)&nbsp;; ABN Amro Bank N.V (B\u00e9rang\u00e8re ESPARCIEUX, Gilles GRANGE)&nbsp;; Banque Populaire du Nord (Xavier PISSAVIN)&nbsp;; Caisse d\u2019Epargne et de Pr\u00e9voyance Hauts-de-France (Amandine NICOLAS)<\/p>\n\n\n\n<h3 class=\"wp-block-heading\">Conseils<\/h3>\n\n\n\n<p><strong>Avocats Cible et Managers <\/strong>: Cornet Vincent S\u00e9gurel<\/p>\n\n\n\n<ul class=\"wp-block-list\">\n<li><strong>Pilotage et coordination<\/strong>&nbsp;: Benjamin CHEVALIER, Clara SERVAN<\/li>\n\n\n\n<li><strong>Corporate :<\/strong> Benjamin CHEVALIER (associ\u00e9), Clara SERVAN (avocat), Louis HARBONNIER (avocat), Julie ALEXANDRE (paralegal)<\/li>\n\n\n\n<li><strong>Financement structur\u00e9 : <\/strong>Andr\u00e9 WATBOT (associ\u00e9), Maria DOUILLET (avocat), Robin PETIT (avocat), Louise MAYOUD (juriste)<\/li>\n\n\n\n<li><strong>Fiscalit\u00e9<\/strong>&nbsp;: Benjamin LAFAYE (associ\u00e9)<\/li>\n\n\n\n<li><strong>Droit social <\/strong>: Caroline HENOT (associ\u00e9), R\u00e9gis DEBROISE (avocat)<\/li>\n<\/ul>\n\n\n\n<p><strong>Avocats Investisseur : <\/strong>Lamartine Conseil<\/p>\n\n\n\n<ul class=\"wp-block-list\">\n<li><strong>Corporate : <\/strong>Fabien MAUVAIS (associ\u00e9), Chiara DIMBERTON et Carla BELLAVIA<\/li>\n\n\n\n<li><strong>Fiscalit\u00e9 : <\/strong>Bertrand HERMANT (Associ\u00e9), Thalaa IMADAH (avocat), Marion HUBIER (avocat)<\/li>\n<\/ul>\n\n\n\n<p><strong>Avocats Banque : <\/strong>Volt Associ\u00e9s &#8211; Alexandre TRON (associ\u00e9), Val\u00e9rie ZINSOU (avocat), Zahia BELHAJ (avocat)<\/p>\n\n\n\n<p><strong>Commissaire aux comptes :<\/strong> G\u00e9n\u00e9ration CAC &#8211; Gr\u00e9gory MOUY<\/p>\n\n\n\n<p><strong>Notaire :<\/strong> Notaire du Nouveau Si\u00e8cle &#8211; H\u00e9l\u00e8ne FREMAUX<\/p>\n<\/div><\/div>\n","protected":false},"excerpt":{"rendered":"<p>Le groupe Nortec r\u00e9alise son premier LBO qui voit les dirigeants renforcer leur position au capital et Innovafonds prendre une participation minoritaire.<\/p>\n","protected":false},"author":16,"featured_media":12140,"comment_status":"closed","ping_status":"closed","sticky":false,"template":"","format":"standard","meta":{"_acf_changed":true,"footnotes":""},"categories":[16,18],"tags":[],"class_list":["post-12137","post","type-post","status-publish","format-standard","has-post-thumbnail","hentry","category-communique","category-news-en"],"acf":[],"_links":{"self":[{"href":"https:\/\/www.cvs-avocats.com\/fr\/wp-json\/wp\/v2\/posts\/12137","targetHints":{"allow":["GET"]}}],"collection":[{"href":"https:\/\/www.cvs-avocats.com\/fr\/wp-json\/wp\/v2\/posts"}],"about":[{"href":"https:\/\/www.cvs-avocats.com\/fr\/wp-json\/wp\/v2\/types\/post"}],"author":[{"embeddable":true,"href":"https:\/\/www.cvs-avocats.com\/fr\/wp-json\/wp\/v2\/users\/16"}],"replies":[{"embeddable":true,"href":"https:\/\/www.cvs-avocats.com\/fr\/wp-json\/wp\/v2\/comments?post=12137"}],"version-history":[{"count":0,"href":"https:\/\/www.cvs-avocats.com\/fr\/wp-json\/wp\/v2\/posts\/12137\/revisions"}],"wp:featuredmedia":[{"embeddable":true,"href":"https:\/\/www.cvs-avocats.com\/fr\/wp-json\/wp\/v2\/media\/12140"}],"wp:attachment":[{"href":"https:\/\/www.cvs-avocats.com\/fr\/wp-json\/wp\/v2\/media?parent=12137"}],"wp:term":[{"taxonomy":"category","embeddable":true,"href":"https:\/\/www.cvs-avocats.com\/fr\/wp-json\/wp\/v2\/categories?post=12137"},{"taxonomy":"post_tag","embeddable":true,"href":"https:\/\/www.cvs-avocats.com\/fr\/wp-json\/wp\/v2\/tags?post=12137"}],"curies":[{"name":"wp","href":"https:\/\/api.w.org\/{rel}","templated":true}]}}