{"id":11501,"date":"2024-11-06T12:33:14","date_gmt":"2024-11-06T11:33:14","guid":{"rendered":"https:\/\/www.cvs-avocats.com\/?p=11501"},"modified":"2026-04-10T10:15:42","modified_gmt":"2026-04-10T08:15:42","slug":"pm-studio-lbo","status":"publish","type":"post","link":"https:\/\/www.cvs-avocats.com\/fr\/pm-studio-lbo\/","title":{"rendered":"Cornet Vincent S\u00e9gurel conseille en tant que lead leawyer le groupe PM Studio dans le cadre de son premier LBO."},"content":{"rendered":"\n<div class=\"wp-block-group\"><div class=\"wp-block-group__inner-container is-layout-constrained wp-block-group-is-layout-constrained\">\n<p>Fond\u00e9 en 2018 \u00e0 la suite de la fusion entre deux entreprises fran\u00e7aise et allemande, dirig\u00e9es respectivement par Patricia Stranik et Sven D\u00f6bert, le groupe PM Studio s\u2019est rapidement impos\u00e9 comme l\u2019un des leaders de la conception et de la fabrication d\u2019articles promotionnels et de packaging, en particulier pour les secteurs du luxe, de la beaut\u00e9 et des cosm\u00e9tiques.<\/p>\n\n\n\n<p>Avec une croissance annuelle moyenne de plus de 30 % et un chiffre d\u2019affaires de plus de 70 M\u20ac, le groupe compte aujourd&rsquo;hui plus de 80 collaborateurs r\u00e9partis entre l&rsquo;Europe, la Chine et les \u00c9tats-Unis, et collabore avec les plus grandes marques de luxe pour cr\u00e9er des produits innovants et respectueux de l\u2019environnement.<\/p>\n\n\n\n<p>Certifi\u00e9e EcoVadis Platinum et B Corp depuis 2023, l&rsquo;entreprise d\u00e9montre son engagement envers des pratiques \u00e9thiques, une transparence environnementale rigoureuse et une forte orientation vers l&rsquo;innovation, avec une utilisation croissante de l&rsquo;intelligence artificielle dans ses processus cr\u00e9atifs.<\/p>\n\n\n\n<p>Pour financer ses projets de croissance et d\u00e9velopper davantage ses activit\u00e9s, PM Studio a accueilli le fonds d\u2019investissement Andera Partners (conseill\u00e9 par Hogan Lovells), qui a pris une participation au capital. Gr\u00e2ce \u00e0 cet investissement strat\u00e9gique, PM Studio entend renforcer ses capacit\u00e9s en mati\u00e8re d\u2019innovation et d\u2019impact environnemental, et acc\u00e9l\u00e9rer sa digitalisation.<\/p>\n\n\n\n<p>PM Studio a re\u00e7u le soutien financier de BNP Paribas (conseill\u00e9e par Herbert Smith Freehills), afin d\u2019accompagner le groupe en mettant \u00e0 disposition une ligne de financement compl\u00e9mentaire pour soutenir sa strat\u00e9gie de croissance externe.<\/p>\n\n\n\n<p>Ce partenariat marque une \u00e9tape cl\u00e9 pour PM Studio, qui vise \u00e0 devenir un leader europ\u00e9en dans le secteur du packaging de luxe et des produits promotionnels haut de gamme.<\/p>\n\n\n\n<div style=\"height:79px\" aria-hidden=\"true\" class=\"wp-block-spacer\"><\/div>\n\n\n\n<h2 class=\"wp-block-heading\">Intervenants<\/h2>\n\n\n\n<p><strong>Groupe PM Studio<\/strong><\/p>\n\n\n\n<ul class=\"wp-block-list\">\n<li><strong>Avocats corporate \u2013 lead lawyer :<\/strong> Cornet Vincent S\u00e9gurel (Adrien Debr\u00e9, St\u00e9phanie G\u00e9rard, Aur\u00e9lien Babin, Camille Dahmani, Th\u00e9ophile Delobel)<\/li>\n\n\n\n<li><strong>Avocats financement :<\/strong> Cornet Vincent S\u00e9gurel (Andr\u00e9 Watbot, Maria Douillet, Louise Mayoud)<\/li>\n\n\n\n<li><strong>Conseil M&amp;A et Financement :<\/strong> Edmond de Rothschild Corporate Finance (Julien Donarier, Paul Badaro, Joachim Canonne, Charles D\u2019Arras, Paul Assa\u00ebl, Arthur De Latour)<\/li>\n\n\n\n<li><strong>VDD financi\u00e8re :<\/strong> Oderis Consulting (Aur\u00e9lien Vion, Louis Templier)<\/li>\n\n\n\n<li><strong>VDD strat\u00e9gique et ESG :<\/strong> Roland Berger (St\u00e9phane Tubiana, Camille Pedegaye)<\/li>\n\n\n\n<li><strong>VDD juridique :<\/strong> ACT Legal (Fabian Brocke), Cornet Vincent S\u00e9gurel (Adrien Debr\u00e9), Li &amp; Partners (Kelvin Chan)<\/li>\n\n\n\n<li><strong>VDD fiscale :<\/strong> RSM Elbner Stolz (Wolfgang Kl\u00f6vekorn, Stefanie Schr\u00f6tter, C\u00e9cile Guyot, D\u00e9borah Kocher)<\/li>\n<\/ul>\n\n\n\n<p><strong>Management<\/strong><\/p>\n\n\n\n<ul class=\"wp-block-list\">\n<li>Patricia Stranik, Sven D\u00f6bert, J\u00fcrgen Winter, Christophe Thuard<\/li>\n\n\n\n<li><strong>Avocats conseil :<\/strong> Jeausserand Audouard (Elodie Cavazza, Ronan Lajoux, Gr\u00e9goire Figerod), ACT Legal (Marcus Columbu, Fabian Brocke, Julia Rosigkeit), Prax Avocats (Nicolas Billote)<\/li>\n<\/ul>\n\n\n\n<p><strong>Andera Partners<\/strong><\/p>\n\n\n\n<ul class=\"wp-block-list\">\n<li>L\u00e9opold Brichard, Nicolas Debonneuil, Augustin Bayvet<\/li>\n\n\n\n<li><strong>Conseils<\/strong>\n<ul class=\"wp-block-list\">\n<li><strong>Avocats conseil :<\/strong> Hogan Lovells (St\u00e9phane Huten, Arnaud Deparday, Alexandre Giacobbi, Paul De Boishebert, Ludovic Geneston, Olivia Berdugo)<\/li>\n\n\n\n<li><strong>Due diligence financi\u00e8re :<\/strong> Advance Capital (Thomas Bettan, Gueorgui Gueorguiev, Nicolas Martinon, Romain Geiger)<\/li>\n\n\n\n<li><strong>Due diligence strat\u00e9gique &amp; ESG :<\/strong> PwC Strategy (Anne-Lise Glauser, Wissam Iskandar, Solenn Ewald, Ines Guennouni, Julien Lesaffre, Fran\u00e7ois Thueux, Faye Bloch, Maxime Moujeard)<\/li>\n\n\n\n<li><strong>Due diligence juridique, fiscale et sociale :<\/strong> PwC Soci\u00e9t\u00e9 d\u2019Avocats (Eric Hickel, Bernard Borrely, Nicolas Arfel)<\/li>\n<\/ul>\n<\/li>\n<\/ul>\n\n\n\n<p><strong>RC Group<\/strong><\/p>\n\n\n\n<ul class=\"wp-block-list\">\n<li>Rapha\u00ebl Cohen, David Chantepie<\/li>\n\n\n\n<li><strong>Conseils<\/strong>\n<ul class=\"wp-block-list\">\n<li><strong>Avocats conseil :<\/strong> Mermoz Avocats (Thomas Hermetet)<\/li>\n\n\n\n<li><strong>Avocats fiscalistes :<\/strong> Rozant &amp; Cohen (Vincent Cohen)<\/li>\n<\/ul>\n<\/li>\n<\/ul>\n\n\n\n<p><strong>Banques<\/strong><\/p>\n\n\n\n<ul class=\"wp-block-list\">\n<li><strong>BNP Paribas<\/strong> (Bertrand De Mellon, Albane Hermite)<\/li>\n\n\n\n<li><strong>Ark\u00e9a <\/strong>(Samira Amhal, Marc Lopet)<\/li>\n\n\n\n<li><strong>LCL <\/strong>(Damien Fraillon, Matthieu Minetto)<\/li>\n\n\n\n<li><strong>Avocats :<\/strong> Herbert Smiths Freehills (Laure Bonin, Emmanuel Le Galloc&rsquo;h)<\/li>\n<\/ul>\n<\/div><\/div>\n","protected":false},"excerpt":{"rendered":"<p>Cornet Vincent Segurel a conseill\u00e9 en tant que lead lawyer le groupe PM Studio dans le cadre d\u2019une op\u00e9ration de LBO, permettant l&rsquo;entr\u00e9e au capital du fonds d\u2019investissement Andera Partners.<\/p>\n","protected":false},"author":16,"featured_media":11502,"comment_status":"closed","ping_status":"closed","sticky":false,"template":"","format":"standard","meta":{"_acf_changed":true,"footnotes":""},"categories":[16],"tags":[],"class_list":["post-11501","post","type-post","status-publish","format-standard","has-post-thumbnail","hentry","category-communique"],"acf":[],"_links":{"self":[{"href":"https:\/\/www.cvs-avocats.com\/fr\/wp-json\/wp\/v2\/posts\/11501","targetHints":{"allow":["GET"]}}],"collection":[{"href":"https:\/\/www.cvs-avocats.com\/fr\/wp-json\/wp\/v2\/posts"}],"about":[{"href":"https:\/\/www.cvs-avocats.com\/fr\/wp-json\/wp\/v2\/types\/post"}],"author":[{"embeddable":true,"href":"https:\/\/www.cvs-avocats.com\/fr\/wp-json\/wp\/v2\/users\/16"}],"replies":[{"embeddable":true,"href":"https:\/\/www.cvs-avocats.com\/fr\/wp-json\/wp\/v2\/comments?post=11501"}],"version-history":[{"count":0,"href":"https:\/\/www.cvs-avocats.com\/fr\/wp-json\/wp\/v2\/posts\/11501\/revisions"}],"wp:featuredmedia":[{"embeddable":true,"href":"https:\/\/www.cvs-avocats.com\/fr\/wp-json\/wp\/v2\/media\/11502"}],"wp:attachment":[{"href":"https:\/\/www.cvs-avocats.com\/fr\/wp-json\/wp\/v2\/media?parent=11501"}],"wp:term":[{"taxonomy":"category","embeddable":true,"href":"https:\/\/www.cvs-avocats.com\/fr\/wp-json\/wp\/v2\/categories?post=11501"},{"taxonomy":"post_tag","embeddable":true,"href":"https:\/\/www.cvs-avocats.com\/fr\/wp-json\/wp\/v2\/tags?post=11501"}],"curies":[{"name":"wp","href":"https:\/\/api.w.org\/{rel}","templated":true}]}}