{"id":11428,"date":"2024-10-28T14:26:13","date_gmt":"2024-10-28T13:26:13","guid":{"rendered":"https:\/\/www.cvs-avocats.com\/?p=11428"},"modified":"2024-10-28T16:11:03","modified_gmt":"2024-10-28T15:11:03","slug":"quelle-nouvelle-approche-europeenne-en-matiere-de-concurrence","status":"publish","type":"post","link":"https:\/\/www.cvs-avocats.com\/fr\/quelle-nouvelle-approche-europeenne-en-matiere-de-concurrence\/","title":{"rendered":"Quelle nouvelle approche europ\u00e9enne en mati\u00e8re de concurrence ?"},"content":{"rendered":"\n<div class=\"wp-block-group\"><div class=\"wp-block-group__inner-container is-layout-constrained wp-block-group-is-layout-constrained\">\n<p>La Commission europ\u00e9enne pr\u00e9pare une nouvelle approche de sa politique de concurrence. Sa pr\u00e9sidente, Ursula von der Leyen, a annonc\u00e9 des changements majeurs visant \u00e0 renforcer la comp\u00e9titivit\u00e9 des entreprises europ\u00e9ennes face aux g\u00e9ants mondiaux, tout en soutenant des secteurs strat\u00e9giques essentiels pour la souverainet\u00e9 de l&rsquo;Union.<\/p>\n\n\n\n<p>Elle souhaite adapter la politique de concurrence europ\u00e9enne pour favoriser les entreprises strat\u00e9giques en Europe, notamment dans des secteurs cl\u00e9s comme l\u2019\u00e9nergie, l&rsquo;intelligence artificielle et les semi-conducteurs. En parall\u00e8le, la Commission cherche \u00e0 encadrer davantage les grandes plateformes num\u00e9riques \u00e9trang\u00e8res en misant sur le Digital Markets Act pour garantir l&rsquo;interop\u00e9rabilit\u00e9 et limiter leur domination sur les march\u00e9s europ\u00e9ens.<\/p>\n\n\n\n<p><em>Article r\u00e9serv\u00e9 aux abonn\u00e9s.<\/em><\/p>\n\n\n\n<div class=\"wp-block-buttons is-layout-flex wp-block-buttons-is-layout-flex\">\n<div class=\"wp-block-button is-style-animated-link\"><a class=\"wp-block-button__link wp-element-button\" href=\"https:\/\/www.lemonde.fr\/idees\/article\/2024\/10\/28\/luc-marie-augagneur-juriste-quelle-nouvelle-approche-europeenne-en-matiere-de-concurrence_6362396_3232.html\" target=\"_blank\" rel=\"noreferrer noopener\">D\u00e9couvrir l&rsquo;article<\/a><\/div>\n<\/div>\n<\/div><\/div>\n","protected":false},"excerpt":{"rendered":"<p>Dans une tribune du journal Le Monde, l\u2019avocat Luc-Marie Augagneur examine l\u2019orientation que Bruxelles souhaite insuffler \u00e0 ses proc\u00e9dures pour mieux prendre en compte la position des entreprises europ\u00e9ennes face \u00e0 la concurrence am\u00e9ricaine et chinoise.<\/p>\n","protected":false},"author":16,"featured_media":11431,"comment_status":"closed","ping_status":"closed","sticky":false,"template":"","format":"standard","meta":{"_acf_changed":true,"footnotes":""},"categories":[15],"tags":[],"class_list":["post-11428","post","type-post","status-publish","format-standard","has-post-thumbnail","hentry","category-publications"],"acf":[],"_links":{"self":[{"href":"https:\/\/www.cvs-avocats.com\/fr\/wp-json\/wp\/v2\/posts\/11428","targetHints":{"allow":["GET"]}}],"collection":[{"href":"https:\/\/www.cvs-avocats.com\/fr\/wp-json\/wp\/v2\/posts"}],"about":[{"href":"https:\/\/www.cvs-avocats.com\/fr\/wp-json\/wp\/v2\/types\/post"}],"author":[{"embeddable":true,"href":"https:\/\/www.cvs-avocats.com\/fr\/wp-json\/wp\/v2\/users\/16"}],"replies":[{"embeddable":true,"href":"https:\/\/www.cvs-avocats.com\/fr\/wp-json\/wp\/v2\/comments?post=11428"}],"version-history":[{"count":0,"href":"https:\/\/www.cvs-avocats.com\/fr\/wp-json\/wp\/v2\/posts\/11428\/revisions"}],"wp:featuredmedia":[{"embeddable":true,"href":"https:\/\/www.cvs-avocats.com\/fr\/wp-json\/wp\/v2\/media\/11431"}],"wp:attachment":[{"href":"https:\/\/www.cvs-avocats.com\/fr\/wp-json\/wp\/v2\/media?parent=11428"}],"wp:term":[{"taxonomy":"category","embeddable":true,"href":"https:\/\/www.cvs-avocats.com\/fr\/wp-json\/wp\/v2\/categories?post=11428"},{"taxonomy":"post_tag","embeddable":true,"href":"https:\/\/www.cvs-avocats.com\/fr\/wp-json\/wp\/v2\/tags?post=11428"}],"curies":[{"name":"wp","href":"https:\/\/api.w.org\/{rel}","templated":true}]}}