{"id":11353,"date":"2024-10-24T16:37:27","date_gmt":"2024-10-24T14:37:27","guid":{"rendered":"https:\/\/www.cvs-avocats.com\/?p=11353"},"modified":"2024-11-07T16:00:22","modified_gmt":"2024-11-07T15:00:22","slug":"entreprises-familiales-et-investisseurs-exterieurs-faire-prendre-la-greffe","status":"publish","type":"post","link":"https:\/\/www.cvs-avocats.com\/fr\/entreprises-familiales-et-investisseurs-exterieurs-faire-prendre-la-greffe\/","title":{"rendered":"Entreprises familiales et investisseurs ext\u00e9rieurs : faire prendre la greffe"},"content":{"rendered":"\n<div class=\"wp-block-group\"><div class=\"wp-block-group__inner-container is-layout-constrained wp-block-group-is-layout-constrained\">\n<div class=\"wp-block-buttons is-layout-flex wp-block-buttons-is-layout-flex\">\n<div class=\"wp-block-button is-style-animated-link\"><a class=\"wp-block-button__link wp-element-button\" href=\"#Video\">D\u00e9couvrir la vid\u00e9o<\/a><\/div>\n<\/div>\n\n\n\n<div style=\"height:61px\" aria-hidden=\"true\" class=\"wp-block-spacer\"><\/div>\n\n\n\n<p style=\"font-style:normal;font-weight:400\">\u00ab\u00a0C&rsquo;\u00e9tait le cas de mon p\u00e8re. Dans le contexte d&rsquo;une transmission d&rsquo;entreprise familiale, le c\u00e9dant fait face \u00e0 deux enjeux : 1. Transmettre l&rsquo;entreprise dans laquelle il a investi 15 ans de sa vie, sans la voir \u00e9chouer apr\u00e8s son d\u00e9part. 2. Ne pas mettre en difficult\u00e9 son repreneur surtout lorsqu&rsquo;il s&rsquo;agit d&rsquo;un de ses enfants.\u00a0\u00bb<\/p>\n\n\n\n<p style=\"font-style:normal;font-weight:400\">Retrouvez le t\u00e9moignage de <a href=\"https:\/\/www.linkedin.com\/in\/ACoAAA97UFwBnH61s15-4iVA8sNN-beyZJ5ZqcA\"><\/a><a href=\"https:\/\/www.linkedin.com\/in\/fr%C3%A9d%C3%A9ric-lucas-fosse-424ba072\/\" target=\"_blank\" rel=\"noreferrer noopener\">Fr\u00e9d\u00e9ric Lucas-Fosse<\/a>, Directeur G\u00e9n\u00e9ral d&rsquo;<a href=\"https:\/\/www.arcadecycles.fr\/\" target=\"_blank\" rel=\"noreferrer noopener\">Arcade Cycles<\/a> dans la nouvelle \u00e9mission<\/p>\n\n\n\n<p>En effet, comment trouver un terrain d\u2019entente o\u00f9 les entreprises familiales peuvent b\u00e9n\u00e9ficier de l\u2019expertise financi\u00e8re et de la vision strat\u00e9gique des fonds d\u2019investissement, tout en pr\u00e9servant leur identit\u00e9 unique et leurs valeurs fondamentales ?<\/p>\n\n\n\n<p>Quatre enseignements de l&rsquo;\u00e9mission pour : <\/p>\n\n\n\n<ul class=\"wp-block-list\">\n<li>D\u00e9couvrir les crit\u00e8res d\u00e9cisifs pour la prise de d\u00e9cision des fonds d\u2019investissement<\/li>\n\n\n\n<li>Comprendre les impacts de la pr\u00e9sence d\u2019un fonds au capital en termes de gouvernance<\/li>\n\n\n\n<li>Apprendre comment la pr\u00e9sence d\u2019un fonds peut d\u00e9cupler opportunit\u00e9s de d\u00e9veloppement pour une entreprise familiale<\/li>\n\n\n\n<li>S\u2019interroger sur l\u2019ad\u00e9quation de ses ambitions RSE avec les crit\u00e8res des investisseurs<\/li>\n<\/ul>\n\n\n\n<div style=\"height:61px\" aria-hidden=\"true\" class=\"wp-block-spacer\"><\/div>\n\n\n\n<h2 class=\"wp-block-heading\">Intervenants<\/h2>\n\n\n\n<ul class=\"wp-block-list\">\n<li><a href=\"https:\/\/www.linkedin.com\/in\/fanny-hibon\/\" target=\"_blank\" rel=\"noreferrer noopener\">Fanny Hibon<\/a> : Directrice de participations, <a href=\"https:\/\/www.creditmutuel-equity.eu\/fr\/index.html\" target=\"_blank\" rel=\"noreferrer noopener\">Cr\u00e9dit Mutuel Equity<\/a><\/li>\n\n\n\n<li><a href=\"https:\/\/www.cvs-avocats.com\/fr\/avocats\/olivier-greffard\/\" target=\"_blank\" rel=\"noreferrer noopener\">Olivier GREFFARD<\/a> : Avocat associ\u00e9 expert en M&amp;A et Private Equity<\/li>\n\n\n\n<li><a href=\"https:\/\/www.linkedin.com\/in\/fr%C3%A9d%C3%A9ric-lucas-fosse-424ba072\/\" target=\"_blank\" rel=\"noreferrer noopener\">Fr\u00e9d\u00e9ric Lucas-Fosse<\/a> : Dirigeant G\u00e9n\u00e9ral, Arcade Cycles<\/li>\n\n\n\n<li>Chronique de <a href=\"https:\/\/www.linkedin.com\/in\/ACoAAAE6T9UBpffqEJV-i6MK9YzqQpa4eEFqiDA\"><\/a><a href=\"https:\/\/www.linkedin.com\/in\/miruna-radu-lefebvre-699a946\/\" target=\"_blank\" rel=\"noreferrer noopener\">Miruna Radu-Lefebvre<\/a>, Titulaire de la Chaire et Professeure en entrepreneuriat \u00e0 <a href=\"https:\/\/www.audencia.com\/\" target=\"_blank\" rel=\"noreferrer noopener\">Audencia<\/a>.<\/li>\n<\/ul>\n\n\n\n<div style=\"height:61px\" aria-hidden=\"true\" class=\"wp-block-spacer\"><\/div>\n\n\n\n<h2 class=\"wp-block-heading\" id=\"Video\">Retrouvez la vid\u00e9o<\/h2>\n\n\n\n<figure class=\"wp-block-embed is-type-video is-provider-youtube wp-block-embed-youtube wp-embed-aspect-16-9 wp-has-aspect-ratio\"><div class=\"wp-block-embed__wrapper\">\n<iframe title=\"Entreprises familiales et investisseurs ext\u00e9rieurs : comment faire prendre la greffe ?\" width=\"500\" height=\"281\" data-src=\"https:\/\/www.youtube.com\/embed\/bBzJzv4vbRI?feature=oembed\" frameborder=\"0\" allow=\"accelerometer; autoplay; clipboard-write; encrypted-media; gyroscope; picture-in-picture; web-share\" referrerpolicy=\"strict-origin-when-cross-origin\" allowfullscreen src=\"data:image\/svg+xml;base64,PHN2ZyB3aWR0aD0iMSIgaGVpZ2h0PSIxIiB4bWxucz0iaHR0cDovL3d3dy53My5vcmcvMjAwMC9zdmciPjwvc3ZnPg==\" class=\"lazyload\" data-load-mode=\"1\"><\/iframe>\n<\/div><\/figure>\n<\/div><\/div>\n","protected":false},"excerpt":{"rendered":"<p>D\u00e9couvrez la nouvelle \u00e9mission d\u00e9di\u00e9e aux entreprises familiales propos\u00e9e par la Chaire Entrepreneuriat Familial &#038; Soci\u00e9t\u00e9 d&rsquo;Audencia et Cornet Vincent S\u00e9gurel.<\/p>\n","protected":false},"author":16,"featured_media":11394,"comment_status":"closed","ping_status":"closed","sticky":false,"template":"","format":"standard","meta":{"_acf_changed":true,"footnotes":""},"categories":[14],"tags":[],"class_list":["post-11353","post","type-post","status-publish","format-standard","has-post-thumbnail","hentry","category-news"],"acf":[],"_links":{"self":[{"href":"https:\/\/www.cvs-avocats.com\/fr\/wp-json\/wp\/v2\/posts\/11353","targetHints":{"allow":["GET"]}}],"collection":[{"href":"https:\/\/www.cvs-avocats.com\/fr\/wp-json\/wp\/v2\/posts"}],"about":[{"href":"https:\/\/www.cvs-avocats.com\/fr\/wp-json\/wp\/v2\/types\/post"}],"author":[{"embeddable":true,"href":"https:\/\/www.cvs-avocats.com\/fr\/wp-json\/wp\/v2\/users\/16"}],"replies":[{"embeddable":true,"href":"https:\/\/www.cvs-avocats.com\/fr\/wp-json\/wp\/v2\/comments?post=11353"}],"version-history":[{"count":0,"href":"https:\/\/www.cvs-avocats.com\/fr\/wp-json\/wp\/v2\/posts\/11353\/revisions"}],"wp:featuredmedia":[{"embeddable":true,"href":"https:\/\/www.cvs-avocats.com\/fr\/wp-json\/wp\/v2\/media\/11394"}],"wp:attachment":[{"href":"https:\/\/www.cvs-avocats.com\/fr\/wp-json\/wp\/v2\/media?parent=11353"}],"wp:term":[{"taxonomy":"category","embeddable":true,"href":"https:\/\/www.cvs-avocats.com\/fr\/wp-json\/wp\/v2\/categories?post=11353"},{"taxonomy":"post_tag","embeddable":true,"href":"https:\/\/www.cvs-avocats.com\/fr\/wp-json\/wp\/v2\/tags?post=11353"}],"curies":[{"name":"wp","href":"https:\/\/api.w.org\/{rel}","templated":true}]}}