{"id":11264,"date":"2024-10-09T12:03:40","date_gmt":"2024-10-09T10:03:40","guid":{"rendered":"https:\/\/www.cvs-avocats.com\/?p=11264"},"modified":"2025-06-26T17:12:27","modified_gmt":"2025-06-26T15:12:27","slug":"raja-acquisition-groupe-retif","status":"publish","type":"post","link":"https:\/\/www.cvs-avocats.com\/fr\/raja-acquisition-groupe-retif\/","title":{"rendered":"Aux c\u00f4t\u00e9s de RAJA pour l\u2019acquisition du Groupe RETIF"},"content":{"rendered":"\n<div class=\"wp-block-group\"><div class=\"wp-block-group__inner-container is-layout-constrained wp-block-group-is-layout-constrained\">\n<p>RAJA et le groupe Verdoso avaient annonc\u00e9 le 31 juillet dernier \u00eatre entr\u00e9s en n\u00e9gociation exclusive en vue de la reprise du Groupe Retif, distributeur fran\u00e7ais sp\u00e9cialis\u00e9 dans la fourniture aux professionnels de fournitures, d&rsquo;\u00e9quipements et de solutions d&rsquo;agencement pour les commerces.<\/p>\n\n\n\n<p>L\u2019op\u00e9ration ayant obtenu les avis favorables des instances repr\u00e9sentatives du personnel puis le feu vert de l\u2019Autorit\u00e9 de la concurrence le 14 ao\u00fbt 2024, les deux groupes ont finalis\u00e9 l\u2019op\u00e9ration d\u2019acquisition.<\/p>\n\n\n\n<p>Bas\u00e9 \u00e0 Nice, le groupe Retif a r\u00e9alis\u00e9 un chiffre d&rsquo;affaires de 121 millions d\u2019euros en 2023. Il emploie 460 personnes et exerce son activit\u00e9 au sein de 88 points de vente en Europe, dont 66 en France, 15 en Espagne, 5 en Belgique, 1 au Pays Bas et 1 au Luxembourg. L\u2019enseigne dispose \u00e9galement de sites web marchands ainsi que d\u2019un centre de distribution situ\u00e9 dans la Dr\u00f4me (Valence).<\/p>\n\n\n\n<p>RAJA est quant \u00e0 lui Groupe fran\u00e7ais familial ind\u00e9pendant fond\u00e9 en 1954. Le groupe r\u00e9unit 4500 collaboratrices et collaborateurs pour un chiffre d\u2019affaires de 1,7 milliard d&rsquo;euros. Le groupe est aujourd&rsquo;hui pr\u00e9sent dans 19 pays d\u2019Europe et distribue ses produits \u00e0 plus de 2 millions de clients.<\/p>\n\n\n\n<p>Dans cette op\u00e9ration, Cornet Vincent S\u00e9gurel a r\u00e9alis\u00e9 les travaux de due diligence juridique, sociale, droit \u00e9conomique et de conformit\u00e9, ainsi que la r\u00e9daction et la n\u00e9gociation de la documentation d\u2019acquisition pour le compte de l\u2019acqu\u00e9reur, la soci\u00e9t\u00e9 RAJA.<\/p>\n\n\n\n<div style=\"height:56px\" aria-hidden=\"true\" class=\"wp-block-spacer\"><\/div>\n\n\n\n<h2 class=\"wp-block-heading\">Intervenants<\/h2>\n\n\n\n<p><strong>Acqu\u00e9reur&nbsp;: <\/strong>RAJA (Dani\u00e8le KAPEL-MARCOVICI, PDG&nbsp;; Emmanuel CLAIR&nbsp;; Alexandre CHARPY&nbsp;; Carmen BRICENO)<\/p>\n\n\n\n<p><strong>C\u00e9dant&nbsp;:<\/strong> Verdoso (Franck ULLMAN, Vincent FAHMY, associ\u00e9s)<\/p>\n\n\n\n<p><\/p>\n\n\n\n<h4 class=\"wp-block-heading\"><strong><u>Conseils&nbsp;:<\/u><\/strong><\/h4>\n\n\n\n<p><strong>Avocats Acqu\u00e9reur <\/strong>: Cornet Vincent S\u00e9gurel Lille<\/p>\n\n\n\n<ul class=\"wp-block-list\">\n<li><strong>Pilotage et coordination<\/strong>&nbsp;: Thomas DESCHRYVER &amp; Benjamin CHEVALIER,<\/li>\n\n\n\n<li><strong>Corporate&nbsp;:<\/strong> Benjamin CHEVALIER, Marie AMOURELLE, Clara SERVAN, Aur\u00e9lia DURDA VENO, Louis HARBONNIER<\/li>\n\n\n\n<li><strong>Droit de la concurrence<\/strong>&nbsp;: Am\u00e9lie POULAIN, Caroline BELLONE-CLOSSET, Antoine RAUWEL<\/li>\n\n\n\n<li><strong>Droit social<\/strong>&nbsp;: Caroline HENOT, R\u00e9gis DEBROISE, Elo\u00efse GRAS-PERSYN<\/li>\n\n\n\n<li><strong>Droit Immobilier<\/strong>&nbsp;: S\u00e9bastien CARNEL, Bastien DERVIN, Sofiane DJEFFAL<\/li>\n\n\n\n<li><strong>Droit des contrats et baux commerciaux<\/strong> : Marion RAES, Morgane PILATE, Carine MAKLES<\/li>\n\n\n\n<li><strong>Droit de la propri\u00e9t\u00e9 intellectuelle<\/strong>&nbsp;: J\u00e9r\u00e9mie COURTOIS, Charline QUENEZ<\/li>\n\n\n\n<li><strong>Compliance : <\/strong>David MORTIER<\/li>\n<\/ul>\n\n\n\n<p><strong>Due Dilligence Acqu\u00e9reur&nbsp;(aspects internationaux), pilot\u00e9 par Cornet Vincent Segurel et son r\u00e9seau international :<\/strong><\/p>\n\n\n\n<ul class=\"wp-block-list\">\n<li><strong>Italie<\/strong>&nbsp;: Cabinet Withersworldwide (Stefano CIGNOZZI, Anna BARDELLINI, Francesca NOBILI)<\/li>\n\n\n\n<li><strong>Espagne<\/strong>&nbsp;: Cabinet ARPA (Teresa FLORISTAN PUERTAS, Laya ABOS ALDANONDO, Miguel LECUMBERRI, Mar\u00eda GONZALEZ NAVARRETE)<\/li>\n\n\n\n<li><strong>Belgique<\/strong>&nbsp;: Cabinet DLPA&nbsp;(Trees VUYLSTEKE, Maude MERTENS, Ana\u00ebl VANDER EECKEN)<\/li>\n\n\n\n<li><strong>Luxembourg&nbsp;<\/strong>: Cabinet Vandenbulke&nbsp;(Selim SOUISSI, Jeremy DA SILVA, Anastasia MIJAILOVIC)<\/li>\n\n\n\n<li><strong>Allemagne<\/strong>&nbsp;: Cabinet SCHACKOW&nbsp;(Tobias HAAS)<\/li>\n\n\n\n<li><strong>Pays-Bas<\/strong>&nbsp;: Cabinet Boels Zanders&nbsp;(Milou SEGERS, Sander HAFKAMP)<\/li>\n<\/ul>\n\n\n\n<p><strong>Due dilligence fiscale, TVA et financi\u00e8re&nbsp;:<\/strong> KPMG<\/p>\n\n\n\n<ul class=\"wp-block-list\">\n<li><strong>Due diligence fiscale\u00a0:<\/strong> KPMG Avocats La D\u00e9fense (Sophie FOURNIER-DEDOYARD, Thomas CHARDENAL)<\/li>\n\n\n\n<li><strong>Due diligence TVA\u00a0: <\/strong>KPMG Avocats La D\u00e9fense (Florence LACHMAN, Anne-Laure BENOIST, Juliette DELZORS, Aliz\u00e9e FIGARO, Lucie FALLICK, Fran\u00e7ois LEMETAYER)<\/li>\n\n\n\n<li><strong>Due diligence financi\u00e8re<\/strong>\u00a0: KPMG (R\u00e9my BOULESTEIX, Boris GUEUDIN, Laure GENDRON-TASSEAU)<\/li>\n<\/ul>\n\n\n\n<p><strong>Avocats C\u00e9dants&nbsp;:<\/strong> PDGB<\/p>\n\n\n\n<ul class=\"wp-block-list\">\n<li><strong>Corporate: <\/strong>Christophe VANNOOTE, Margaux CHABOUT\u00c9<\/li>\n\n\n\n<li><strong>Droit social:<\/strong> Ioanna VOSKA<\/li>\n\n\n\n<li><strong>Droit fiscal:<\/strong> Beno\u00eet DAMBRE<\/li>\n<\/ul>\n\n\n\n<p><strong>Avocat C\u00e9dant Concurrence&nbsp;: <\/strong>Franklin (Lionel LESUR, Victoria EPPENDAHL)<\/p>\n<\/div><\/div>\n","protected":false},"excerpt":{"rendered":"<p>Leader europ\u00e9en de la distribution multicanale d&#8217;emballages, de fournitures et d&rsquo;\u00e9quipements pour les entreprises, RAJA fait l&rsquo;acquisition de 100% du capital du Groupe RETIF. <\/p>\n","protected":false},"author":7,"featured_media":11271,"comment_status":"closed","ping_status":"closed","sticky":false,"template":"","format":"standard","meta":{"_acf_changed":true,"footnotes":""},"categories":[16],"tags":[],"class_list":["post-11264","post","type-post","status-publish","format-standard","has-post-thumbnail","hentry","category-communique"],"acf":[],"_links":{"self":[{"href":"https:\/\/www.cvs-avocats.com\/fr\/wp-json\/wp\/v2\/posts\/11264","targetHints":{"allow":["GET"]}}],"collection":[{"href":"https:\/\/www.cvs-avocats.com\/fr\/wp-json\/wp\/v2\/posts"}],"about":[{"href":"https:\/\/www.cvs-avocats.com\/fr\/wp-json\/wp\/v2\/types\/post"}],"author":[{"embeddable":true,"href":"https:\/\/www.cvs-avocats.com\/fr\/wp-json\/wp\/v2\/users\/7"}],"replies":[{"embeddable":true,"href":"https:\/\/www.cvs-avocats.com\/fr\/wp-json\/wp\/v2\/comments?post=11264"}],"version-history":[{"count":0,"href":"https:\/\/www.cvs-avocats.com\/fr\/wp-json\/wp\/v2\/posts\/11264\/revisions"}],"wp:featuredmedia":[{"embeddable":true,"href":"https:\/\/www.cvs-avocats.com\/fr\/wp-json\/wp\/v2\/media\/11271"}],"wp:attachment":[{"href":"https:\/\/www.cvs-avocats.com\/fr\/wp-json\/wp\/v2\/media?parent=11264"}],"wp:term":[{"taxonomy":"category","embeddable":true,"href":"https:\/\/www.cvs-avocats.com\/fr\/wp-json\/wp\/v2\/categories?post=11264"},{"taxonomy":"post_tag","embeddable":true,"href":"https:\/\/www.cvs-avocats.com\/fr\/wp-json\/wp\/v2\/tags?post=11264"}],"curies":[{"name":"wp","href":"https:\/\/api.w.org\/{rel}","templated":true}]}}