{"id":11116,"date":"2024-09-04T11:42:24","date_gmt":"2024-09-04T09:42:24","guid":{"rendered":"https:\/\/www.cvs-avocats.com\/?p=11116"},"modified":"2024-09-05T12:59:45","modified_gmt":"2024-09-05T10:59:45","slug":"lille-entreprises-en-difficulte-restructuring-s1-2024","status":"publish","type":"post","link":"https:\/\/www.cvs-avocats.com\/fr\/lille-entreprises-en-difficulte-restructuring-s1-2024\/","title":{"rendered":"[Lille] Entreprises en Difficult\u00e9 &amp; Restructuring &#8211; Activit\u00e9 S1 2024"},"content":{"rendered":"\n<div class=\"wp-block-group\"><div class=\"wp-block-group__inner-container is-layout-constrained wp-block-group-is-layout-constrained\">\n<p>Au 1<sup>er<\/sup> semestre 2024, l\u2019\u00e9quipe Entreprises en difficult\u00e9 &amp; Restructuring du bureau de Lille a accompagn\u00e9 plusieurs groupes de soci\u00e9t\u00e9s dans le cadre de mesures de restructurations confidentielles, mesures qui ont concern\u00e9 pr\u00e8s de 15 000 salari\u00e9s.<\/p>\n\n\n\n<p>Les entreprises accompagn\u00e9es rel\u00e8vent entre autres des secteurs de l&rsquo;industrie, de la distribution ou encore de la formation.<\/p>\n\n\n\n<p>Par ailleurs, en lien avec <a href=\"https:\/\/ambition-hdf.fr\/\">l\u2019Association Ambition Hauts de France<\/a> et en partenariat avec le Tribunal de Commerce de Lille M\u00e9tropole, \u00a0l\u2019\u00e9quipe a notamment dispens\u00e9 une formation \u00e0 destination des juges consulaires, mais \u00e9galement des juristes, avocats, banquiers, au titre de la nouvelle r\u00e8glementation relative aux classes de parties affect\u00e9es. D\u2019autres formations sont pr\u00e9vues prochainement.<\/p>\n\n\n\n<h2 class=\"wp-block-heading\">Notre \u00e9quipe Restructuring \u00e0 Lille<\/h2>\n\n\n\n<p><strong>Thomas Deschryver <\/strong>&#8211; Avocat associ\u00e9<\/p>\n\n\n\n<p><strong>St\u00e9phanie Forest <\/strong>&#8211; Avocat directeur<\/p>\n\n\n\n<p><strong>M\u00e9lanie Gabreau<\/strong> &#8211; Avocat<\/p>\n\n\n\n<p><strong>Maximilien Plaisant<\/strong> &#8211; Avocat<\/p>\n<\/div><\/div>\n","protected":false},"excerpt":{"rendered":"<p>Retour sur un premier semestre avec une forte activit\u00e9 pour notre \u00e9quipe Entreprises en difficult\u00e9 &#038; Restructuring \u00e0 Lille.<\/p>\n","protected":false},"author":7,"featured_media":11181,"comment_status":"closed","ping_status":"closed","sticky":false,"template":"","format":"standard","meta":{"_acf_changed":false,"footnotes":""},"categories":[14],"tags":[],"class_list":["post-11116","post","type-post","status-publish","format-standard","has-post-thumbnail","hentry","category-news"],"acf":[],"_links":{"self":[{"href":"https:\/\/www.cvs-avocats.com\/fr\/wp-json\/wp\/v2\/posts\/11116","targetHints":{"allow":["GET"]}}],"collection":[{"href":"https:\/\/www.cvs-avocats.com\/fr\/wp-json\/wp\/v2\/posts"}],"about":[{"href":"https:\/\/www.cvs-avocats.com\/fr\/wp-json\/wp\/v2\/types\/post"}],"author":[{"embeddable":true,"href":"https:\/\/www.cvs-avocats.com\/fr\/wp-json\/wp\/v2\/users\/7"}],"replies":[{"embeddable":true,"href":"https:\/\/www.cvs-avocats.com\/fr\/wp-json\/wp\/v2\/comments?post=11116"}],"version-history":[{"count":0,"href":"https:\/\/www.cvs-avocats.com\/fr\/wp-json\/wp\/v2\/posts\/11116\/revisions"}],"wp:featuredmedia":[{"embeddable":true,"href":"https:\/\/www.cvs-avocats.com\/fr\/wp-json\/wp\/v2\/media\/11181"}],"wp:attachment":[{"href":"https:\/\/www.cvs-avocats.com\/fr\/wp-json\/wp\/v2\/media?parent=11116"}],"wp:term":[{"taxonomy":"category","embeddable":true,"href":"https:\/\/www.cvs-avocats.com\/fr\/wp-json\/wp\/v2\/categories?post=11116"},{"taxonomy":"post_tag","embeddable":true,"href":"https:\/\/www.cvs-avocats.com\/fr\/wp-json\/wp\/v2\/tags?post=11116"}],"curies":[{"name":"wp","href":"https:\/\/api.w.org\/{rel}","templated":true}]}}