{"id":4244,"date":"2024-02-01T12:22:28","date_gmt":"2024-02-01T11:22:28","guid":{"rendered":"https:\/\/www.cvs-avocats.com\/loi-egalim-1\/"},"modified":"2025-03-03T15:56:40","modified_gmt":"2025-03-03T14:56:40","slug":"loi-egalim-1","status":"publish","type":"post","link":"https:\/\/www.cvs-avocats.com\/en\/loi-egalim-1\/","title":{"rendered":"La loi Egalim au c\u0153ur des revendications des agriculteurs"},"content":{"rendered":"<div class=\"section__body\">\n<div class=\"block-strong-text\">\n<p>Le gouvernement annoncera mardi de nouvelles mesures pour soutenir les agriculteurs en r\u00e9ponse \u00e0 leurs manifestations. Ces mesures visent \u00e0 mieux faire respecter la loi Egalim pour emp\u00eacher les ventes \u00e0 perte. Trois entreprises seront sanctionn\u00e9es pour leur non-respect de cette loi avant la fin des n\u00e9gociations entre fournisseurs et distributeurs.<\/p>\n<\/div>\n<article class=\"article-normal\">\n<div class=\"article__entry\">\n<p>Retrouvez l&#8217;\u00e9clairage de Caroline Bellone Closset avocat associ\u00e9 expert en Concurrence,\u00a0Distribution &amp;\u00a0Contrats\u00a0\u00e0 ce sujet pour La Tribune.<\/p>\n<\/div>\n<\/article>\n<ul class=\"list-icons\">\n<li><a href=\"https:\/\/www.latribune.fr\/economie\/france\/lois-egalim-les-raisons-de-la-colere-des-agriculteurs-989137.html\">Voir l&#8217;article en int\u00e9gralit\u00e9<\/a><\/li>\n<\/ul>\n<\/div>\n","protected":false},"excerpt":{"rendered":"<p>Le gouvernement annoncera mardi de nouvelles mesures pour soutenir les agriculteurs en r\u00e9ponse \u00e0 leurs manifestations. Ces mesures visent \u00e0 mieux faire respecter la loi Egalim pour emp\u00eacher les ventes \u00e0 perte. Trois entreprises seront sanctionn\u00e9es pour leur non-respect de cette loi avant la fin des n\u00e9gociations entre fournisseurs et distributeurs. Retrouvez l&#8217;\u00e9clairage de Caroline [&hellip;]<\/p>\n","protected":false},"author":18,"featured_media":4245,"comment_status":"closed","ping_status":"closed","sticky":false,"template":"","format":"standard","meta":{"_acf_changed":false,"footnotes":""},"categories":[19],"tags":[],"class_list":["post-4244","post","type-post","status-publish","format-standard","has-post-thumbnail","hentry","category-publications-en"],"acf":[],"_links":{"self":[{"href":"https:\/\/www.cvs-avocats.com\/en\/wp-json\/wp\/v2\/posts\/4244","targetHints":{"allow":["GET"]}}],"collection":[{"href":"https:\/\/www.cvs-avocats.com\/en\/wp-json\/wp\/v2\/posts"}],"about":[{"href":"https:\/\/www.cvs-avocats.com\/en\/wp-json\/wp\/v2\/types\/post"}],"author":[{"embeddable":true,"href":"https:\/\/www.cvs-avocats.com\/en\/wp-json\/wp\/v2\/users\/18"}],"replies":[{"embeddable":true,"href":"https:\/\/www.cvs-avocats.com\/en\/wp-json\/wp\/v2\/comments?post=4244"}],"version-history":[{"count":0,"href":"https:\/\/www.cvs-avocats.com\/en\/wp-json\/wp\/v2\/posts\/4244\/revisions"}],"wp:featuredmedia":[{"embeddable":true,"href":"https:\/\/www.cvs-avocats.com\/en\/wp-json\/wp\/v2\/media\/4245"}],"wp:attachment":[{"href":"https:\/\/www.cvs-avocats.com\/en\/wp-json\/wp\/v2\/media?parent=4244"}],"wp:term":[{"taxonomy":"category","embeddable":true,"href":"https:\/\/www.cvs-avocats.com\/en\/wp-json\/wp\/v2\/categories?post=4244"},{"taxonomy":"post_tag","embeddable":true,"href":"https:\/\/www.cvs-avocats.com\/en\/wp-json\/wp\/v2\/tags?post=4244"}],"curies":[{"name":"wp","href":"https:\/\/api.w.org\/{rel}","templated":true}]}}