{"id":24968,"date":"2026-03-16T09:00:00","date_gmt":"2026-03-16T08:00:00","guid":{"rendered":"https:\/\/www.cvs-avocats.com\/?p=24968"},"modified":"2026-04-01T11:21:40","modified_gmt":"2026-04-01T09:21:40","slug":"cornet-vincent-segurel-announces-the-appointment-of-six-senior-lawyers-in-lille-nantes-and-rennes","status":"publish","type":"post","link":"https:\/\/www.cvs-avocats.com\/en\/cornet-vincent-segurel-announces-the-appointment-of-six-senior-lawyers-in-lille-nantes-and-rennes\/","title":{"rendered":"Cornet Vincent Segurel announces the appointment of six Directors in Lille, Nantes and Rennes"},"content":{"rendered":"\n<div class=\"wp-block-group\"><div class=\"wp-block-group__inner-container is-layout-constrained wp-block-group-is-layout-constrained\">\n<p>Cornet Vincent S\u00e9gurel continues to build the teams within its specialist practice areas, with several promotions among its associate lawyers, who have been appointed Directors:<\/p>\n\n\n\n<p><strong>Three strategic practice areas strengthened<\/strong><\/p>\n\n\n\n<p>In Lille: Constance Beyeler (Intellectual Property \u2013 Technology \u2013 Data and Litigation \u2013 Arbitration \u2013 Mediation)<\/p>\n\n\n\n<p>In Nantes: Marielle Angibaud (Public Law and Environment)<\/p>\n\n\n\n<p>In Rennes: Marie Ch\u00e9ned\u00e9 (Public Law and Environment), Marine Guillou (Public Law and Environment), Pauline Jolivet and Sabrina Lemari\u00e9 (Corporate Law \u2013 Mergers &amp; Acquisitions \u2013 Private Equity)<\/p>\n\n\n\n<p>These appointments reflect the firm\u2019s commitment to promoting internal talent and continuing to strengthen the areas of expertise across all its offices in order to meet the growing challenges faced by its clients.<\/p>\n\n\n\n<p>C\u00e9cile Rouquette-T\u00e9rouanne, a partner and member of the Management Committee, said: \u201c <em>These appointments demonstrate our confidence in lawyers who, through their expertise, their career paths and their shared commitment to the firm\u2019s values, contribute to our success. They play an active role in supporting our clients with their strategic projects and challenges.<\/em>\u201d These appointments bring the total number of Directors at Cornet Vincent S\u00e9gurel to 43, out of a total of more than 230 lawyers and legal professionals.<\/p>\n<\/div><\/div>\n","protected":false},"excerpt":{"rendered":"<p>With offices in six cities across France, the law firm Cornet Vincent S\u00e9gurel is continuing to expand its teams through internal promotion, appointing six senior lawyers as Directors at its offices in Lille, Nantes and Rennes.<\/p>\n","protected":false},"author":16,"featured_media":24316,"comment_status":"closed","ping_status":"closed","sticky":false,"template":"","format":"standard","meta":{"_acf_changed":true,"footnotes":""},"categories":[16],"tags":[],"class_list":["post-24968","post","type-post","status-publish","format-standard","has-post-thumbnail","hentry","category-communique"],"acf":[],"_links":{"self":[{"href":"https:\/\/www.cvs-avocats.com\/en\/wp-json\/wp\/v2\/posts\/24968","targetHints":{"allow":["GET"]}}],"collection":[{"href":"https:\/\/www.cvs-avocats.com\/en\/wp-json\/wp\/v2\/posts"}],"about":[{"href":"https:\/\/www.cvs-avocats.com\/en\/wp-json\/wp\/v2\/types\/post"}],"author":[{"embeddable":true,"href":"https:\/\/www.cvs-avocats.com\/en\/wp-json\/wp\/v2\/users\/16"}],"replies":[{"embeddable":true,"href":"https:\/\/www.cvs-avocats.com\/en\/wp-json\/wp\/v2\/comments?post=24968"}],"version-history":[{"count":0,"href":"https:\/\/www.cvs-avocats.com\/en\/wp-json\/wp\/v2\/posts\/24968\/revisions"}],"wp:featuredmedia":[{"embeddable":true,"href":"https:\/\/www.cvs-avocats.com\/en\/wp-json\/wp\/v2\/media\/24316"}],"wp:attachment":[{"href":"https:\/\/www.cvs-avocats.com\/en\/wp-json\/wp\/v2\/media?parent=24968"}],"wp:term":[{"taxonomy":"category","embeddable":true,"href":"https:\/\/www.cvs-avocats.com\/en\/wp-json\/wp\/v2\/categories?post=24968"},{"taxonomy":"post_tag","embeddable":true,"href":"https:\/\/www.cvs-avocats.com\/en\/wp-json\/wp\/v2\/tags?post=24968"}],"curies":[{"name":"wp","href":"https:\/\/api.w.org\/{rel}","templated":true}]}}