{"id":12488,"date":"2025-02-13T10:05:36","date_gmt":"2025-02-13T09:05:36","guid":{"rendered":"https:\/\/www.cvs-avocats.com\/transfert-terra-botanica-au-groupe-looping\/"},"modified":"2025-02-18T16:35:44","modified_gmt":"2025-02-18T15:35:44","slug":"transfert-terra-botanica-au-groupe-looping","status":"publish","type":"post","link":"https:\/\/www.cvs-avocats.com\/en\/transfert-terra-botanica-au-groupe-looping\/","title":{"rendered":"Cornet Vincent S\u00e9gurel advises local authorities and the Public Interest Group (GIP) in the transfer of Terra Botanica&#8217;s management to the Looping Group"},"content":{"rendered":"\n<div class=\"wp-block-group\"><div class=\"wp-block-group__inner-container is-layout-constrained wp-block-group-is-layout-constrained\">\n<p>As the first park dedicated to plants and biodiversity since its opening in 2010, Terra Botanica was previously jointly operated by two local authorities within the framework of a public interest group.<\/p>\n\n\n\n<p>This strategic operation is materialized through the granting of a 40-year administrative long-term lease to the Looping Group, which commits to implementing an ambitious investment program of 59 million euros over the next ten years. This development program aims to enhance the park&#8217;s attractiveness and influence, particularly through:<\/p>\n\n\n\n<p>Creating themed accommodations including lodges and a hotel<\/p>\n\n\n\n<p>Developing and modernizing equipment and attractions<\/p>\n\n\n\n<p>Drawing on its multidisciplinary expertise in business law, several teams from the Cornet Vincent S\u00e9gurel law firm, led by partner Fr\u00e9d\u00e9ric Marchand, advised the Terra Botanica public interest group, the Maine-et-Loire Department, and the City of Angers throughout this structuring operation.<\/p>\n\n\n\n<div style=\"height:100px\" aria-hidden=\"true\" class=\"wp-block-spacer\"><\/div>\n\n\n\n<h2 class=\"wp-block-heading\">Advisors<\/h2>\n\n\n\n<p><strong>Attorneys for Terra Botanica, Maine et Loire Department, City of Angers<\/strong>: Cornet Vincent S\u00e9gurel<\/p>\n\n\n\n<ul class=\"wp-block-list\">\n<li><strong>Public Law<\/strong>: Fr\u00e9d\u00e9ric Marchand, Partner<\/li>\n\n\n\n<li><strong>Corporate<\/strong>: Marie-Alix Troadec, Partner<\/li>\n\n\n\n<li><strong>Intellectual Property<\/strong>: J\u00e9r\u00f4me Wiehn, Partner<\/li>\n\n\n\n<li><strong>Tax Law<\/strong>: Nicolas Palos, Partner<\/li>\n<\/ul>\n\n\n\n<p><strong>Attorneys for Looping Group<\/strong>: De Pardieu Brocas Maffei<\/p>\n\n\n\n<ul class=\"wp-block-list\">\n<li><strong>Corporate<\/strong>: Magali Masson, Avocate associ\u00e9e, Tiphanie Levassort<\/li>\n\n\n\n<li><strong>Intellectual Property<\/strong>: Barbara Epstei<\/li>\n<\/ul>\n<\/div><\/div>\n","protected":false},"excerpt":{"rendered":"<p>The Maine-et-Loire Department and the City of Angers have entrusted the management of Terra Botanica Park to the Looping Group, a European leader in regional leisure parks.<\/p>\n","protected":false},"author":16,"featured_media":12418,"comment_status":"closed","ping_status":"closed","sticky":false,"template":"","format":"standard","meta":{"_acf_changed":false,"footnotes":""},"categories":[20],"tags":[],"class_list":["post-12488","post","type-post","status-publish","format-standard","has-post-thumbnail","hentry","category-communique-en"],"acf":[],"_links":{"self":[{"href":"https:\/\/www.cvs-avocats.com\/en\/wp-json\/wp\/v2\/posts\/12488","targetHints":{"allow":["GET"]}}],"collection":[{"href":"https:\/\/www.cvs-avocats.com\/en\/wp-json\/wp\/v2\/posts"}],"about":[{"href":"https:\/\/www.cvs-avocats.com\/en\/wp-json\/wp\/v2\/types\/post"}],"author":[{"embeddable":true,"href":"https:\/\/www.cvs-avocats.com\/en\/wp-json\/wp\/v2\/users\/16"}],"replies":[{"embeddable":true,"href":"https:\/\/www.cvs-avocats.com\/en\/wp-json\/wp\/v2\/comments?post=12488"}],"version-history":[{"count":0,"href":"https:\/\/www.cvs-avocats.com\/en\/wp-json\/wp\/v2\/posts\/12488\/revisions"}],"wp:featuredmedia":[{"embeddable":true,"href":"https:\/\/www.cvs-avocats.com\/en\/wp-json\/wp\/v2\/media\/12418"}],"wp:attachment":[{"href":"https:\/\/www.cvs-avocats.com\/en\/wp-json\/wp\/v2\/media?parent=12488"}],"wp:term":[{"taxonomy":"category","embeddable":true,"href":"https:\/\/www.cvs-avocats.com\/en\/wp-json\/wp\/v2\/categories?post=12488"},{"taxonomy":"post_tag","embeddable":true,"href":"https:\/\/www.cvs-avocats.com\/en\/wp-json\/wp\/v2\/tags?post=12488"}],"curies":[{"name":"wp","href":"https:\/\/api.w.org\/{rel}","templated":true}]}}